{"id":33610,"date":"2018-09-25T10:30:03","date_gmt":"2018-09-25T13:30:03","guid":{"rendered":"https:\/\/www.actualidadadiario.com\/?p=33610"},"modified":"2018-11-06T19:37:09","modified_gmt":"2018-11-06T22:37:09","slug":"discusion-por-el-presupuesto-el-miercoles-expondra-rogelio-frigerio","status":"publish","type":"post","link":"https:\/\/www.actualidadadiario.com\/index.php\/2018\/09\/25\/discusion-por-el-presupuesto-el-miercoles-expondra-rogelio-frigerio\/","title":{"rendered":"Discusi\u00f3n por el Presupuesto: El mi\u00e9rcoles expondr\u00e1 Rogelio Frigerio"},"content":{"rendered":"<p><em><strong>La Comisi\u00f3n de Presupuesto retomar\u00e1 el mi\u00e9rcoles la discusi\u00f3n en la C\u00e1mara de Diputados, esta vez se discutir\u00e1 un proyecto que significar\u00eda un recorte para el Ministerio del Interior, Obras P\u00fablicas y Vivienda<\/strong><\/em><\/p>\n<p>&nbsp;<\/p>\n<p>&nbsp;<\/p>\n<p>&nbsp;<\/p>\n<p>&nbsp;<\/p>\n<p>Luego del paro general de este martes, en el que los trabajadores marchan en contra de la pol\u00edtica econ\u00f3mica del Gobierno de Mauricio Macri, la Comisi\u00f3n de Presupuesto retomar\u00e1 el mi\u00e9rcoles la discusi\u00f3n en la C\u00e1mara de Diputados, esta vez se discutir\u00e1 un proyecto que entre sus consecuencias prev\u00e9 un recorte de hasta el 50% en las obras que lleva adelante el Ministerio de Interior, Obras P\u00fablicas y Vivienda.<\/p>\n<p>&nbsp;<\/p>\n<p>Rogelio Frigerio, quien dirige esta cartera, hasta ahora cumpli\u00f3 con un rol clave en el acuerdo con los gobernadores respecto al Presupuesto 2019 y a la gobernabilidad de Macri. Este proyecto que se retomar\u00e1 en Diputados, intenta ser un gui\u00f1o del Gobierno hacia los mercados y al Fondo Monetario Internacional (FMI).<\/p>\n<p>&nbsp;<\/p>\n<p>De esta manera, se espera que la presentaci\u00f3n ante la Comisi\u00f3n gire en dos ejes, por un lado la obra p\u00fablica y por otro, la negociaci\u00f3n con las provincias por la transferencia de algunos gastos como la tarifa social de la energ\u00eda el\u00e9ctrica o los subsidios al transporte y la eliminaci\u00f3n del Fondo Sojero. Estas fueron decisiones del Gobierno que impactaron directamente a las econom\u00edas provinciales y generaron un malestar en las relaciones con Mauricio Macri.<\/p>\n<p>&nbsp;<\/p>\n<p>En tanto, la discusi\u00f3n continuar\u00e1 el jueves a las 10, cuando exponga el Director General de la Oficina de Presupuesto del Congreso, Marcos Makon y los funcionarios relacionados a este \u00e1mbito.<\/p>\n","protected":false},"excerpt":{"rendered":"<p>La Comisi\u00f3n de Presupuesto retomar\u00e1 el mi\u00e9rcoles la discusi\u00f3n en la C\u00e1mara de Diputados, esta vez se discutir\u00e1 un proyecto que significar\u00eda un recorte para el Ministerio del Interior, Obras P\u00fablicas y Vivienda &nbsp; &nbsp; &nbsp; &nbsp; Luego del paro general de este martes, en el que los trabajadores marchan en contra de la pol\u00edtica econ\u00f3mica del Gobierno de Mauricio Macri, la Comisi\u00f3n de Presupuesto retomar\u00e1 el mi\u00e9rcoles la discusi\u00f3n en la C\u00e1mara de Diputados, esta vez se discutir\u00e1 un proyecto que entre sus consecuencias prev\u00e9 un recorte de hasta&#8230;<\/p>\n","protected":false},"author":3,"featured_media":33611,"comment_status":"closed","ping_status":"closed","sticky":false,"template":"","format":"standard","meta":[],"categories":[18],"tags":[],"_links":{"self":[{"href":"https:\/\/www.actualidadadiario.com\/index.php\/wp-json\/wp\/v2\/posts\/33610"}],"collection":[{"href":"https:\/\/www.actualidadadiario.com\/index.php\/wp-json\/wp\/v2\/posts"}],"about":[{"href":"https:\/\/www.actualidadadiario.com\/index.php\/wp-json\/wp\/v2\/types\/post"}],"author":[{"embeddable":true,"href":"https:\/\/www.actualidadadiario.com\/index.php\/wp-json\/wp\/v2\/users\/3"}],"replies":[{"embeddable":true,"href":"https:\/\/www.actualidadadiario.com\/index.php\/wp-json\/wp\/v2\/comments?post=33610"}],"version-history":[{"count":1,"href":"https:\/\/www.actualidadadiario.com\/index.php\/wp-json\/wp\/v2\/posts\/33610\/revisions"}],"predecessor-version":[{"id":33612,"href":"https:\/\/www.actualidadadiario.com\/index.php\/wp-json\/wp\/v2\/posts\/33610\/revisions\/33612"}],"wp:featuredmedia":[{"embeddable":true,"href":"https:\/\/www.actualidadadiario.com\/index.php\/wp-json\/wp\/v2\/media\/33611"}],"wp:attachment":[{"href":"https:\/\/www.actualidadadiario.com\/index.php\/wp-json\/wp\/v2\/media?parent=33610"}],"wp:term":[{"taxonomy":"category","embeddable":true,"href":"https:\/\/www.actualidadadiario.com\/index.php\/wp-json\/wp\/v2\/categories?post=33610"},{"taxonomy":"post_tag","embeddable":true,"href":"https:\/\/www.actualidadadiario.com\/index.php\/wp-json\/wp\/v2\/tags?post=33610"}],"curies":[{"name":"wp","href":"https:\/\/api.w.org\/{rel}","templated":true}]}}