{"id":33607,"date":"2018-09-25T10:29:23","date_gmt":"2018-09-25T13:29:23","guid":{"rendered":"https:\/\/www.actualidadadiario.com\/?p=33607"},"modified":"2018-11-06T19:37:09","modified_gmt":"2018-11-06T22:37:09","slug":"denuncian-que-hay-75-nuevos-aportantes-no-aportantes-de-cambiemos","status":"publish","type":"post","link":"https:\/\/www.actualidadadiario.com\/index.php\/2018\/09\/25\/denuncian-que-hay-75-nuevos-aportantes-no-aportantes-de-cambiemos\/","title":{"rendered":"Denuncian que hay &#8220;75 nuevos aportantes no aportantes&#8221; de Cambiemos"},"content":{"rendered":"<p><em><strong>La Fundaci\u00f3n Alameda presentar\u00e1 un nuevo listado de personas al juez Sebasti\u00e1n Casanello que se ofrecieron a declarar<\/strong><\/em><\/p>\n<p>&nbsp;<\/p>\n<p>&nbsp;<\/p>\n<p>&nbsp;<\/p>\n<p>&nbsp;<\/p>\n<p>En las \u00faltimas semanas, 75 personas se comunicaron con la Fundaci\u00f3n Alameda para informar que figuran en las listas de aportantes voluntarios de las campa\u00f1as de Cambiemos sin haber realizado ning\u00fan pago. La ONG encabezada por Gustavo Vera presentar\u00e1 este lunes el nuevo listado al juez Sebasti\u00e1n Casanello a cargo del expediente.<\/p>\n<p>&nbsp;<\/p>\n<p>Seg\u00fan La Alameda, ya son 300 las personas que se ofrecieron a declarar en la causa que investiga los presuntos delitos de asociaci\u00f3n il\u00edcita, lavado de activos y falsedad ideol\u00f3gica. La misma se origin\u00f3 por la campa\u00f1a que lider\u00f3 Mar\u00eda Eugenia Vidal en la provincia de Buenos Aires por Cambiemos en 2015, pero tras los avances la investigaci\u00f3n se ampli\u00f3 a la campa\u00f1a presidencial de Mauricio Macri y la de Vamos Juntos de la ciudad de Buenos Aires que encabez\u00f3 la diputada Elisa Carri\u00f3.<\/p>\n<p>&nbsp;<\/p>\n<p>El presidente de la C\u00e1mara Federal porte\u00f1a, Mart\u00edn Iruzun, determin\u00f3 el jueves pasado que las denuncias por las recaudaciones ilegales en las campa\u00f1as de Mauricio Macri en 2015 y de Elisa Carri\u00f3 en 2017 deben ser llevadas por el juez Casanello.<\/p>\n<p>&nbsp;<\/p>\n<p>En la presentaci\u00f3n que se har\u00e1 a la Justicia este lunes, Ximena Rattoni, Tamara Rosenberg y Gustavo Vera brindar\u00e1n detalles y pruebas sobre la campa\u00f1a de Vamos Juntos. Entre ellas, que el total de aportes realizados por los empleados p\u00fablicos alcanzan los 8.166.000 pesos.<\/p>\n<p>&nbsp;<\/p>\n<p>Asimismo, precisan que de los trabajadores que realizaron donaciones las hicieron en solo tres d\u00edas de octubre y que adem\u00e1s contaban con solo cuatro meses de antig\u00fcedad en el cargo.<\/p>\n<p>&nbsp;<\/p>\n<p>Por otro lado, La Alameda sostiene que investig\u00f3 los fondos de las fundaciones de los miembros de Cambiemos y se estima que &#8220;son usadas como otro mecanismo de recaudaci\u00f3n ilegal para las campa\u00f1as&#8221;. En ese marco, se inici\u00f3 otra causa penal contra las autoridades de la Inspecci\u00f3n General de Justicia por no haberlas controlado. Ese expediente tambi\u00e9n ser\u00e1 presentado en la causa de Casanello.<\/p>\n","protected":false},"excerpt":{"rendered":"<p>La Fundaci\u00f3n Alameda presentar\u00e1 un nuevo listado de personas al juez Sebasti\u00e1n Casanello que se ofrecieron a declarar &nbsp; &nbsp; &nbsp; &nbsp; En las \u00faltimas semanas, 75 personas se comunicaron con la Fundaci\u00f3n Alameda para informar que figuran en las listas de aportantes voluntarios de las campa\u00f1as de Cambiemos sin haber realizado ning\u00fan pago. La ONG encabezada por Gustavo Vera presentar\u00e1 este lunes el nuevo listado al juez Sebasti\u00e1n Casanello a cargo del expediente. &nbsp; Seg\u00fan La Alameda, ya son 300 las personas que se ofrecieron a declarar en la&#8230;<\/p>\n","protected":false},"author":3,"featured_media":33608,"comment_status":"closed","ping_status":"closed","sticky":false,"template":"","format":"standard","meta":[],"categories":[18],"tags":[],"_links":{"self":[{"href":"https:\/\/www.actualidadadiario.com\/index.php\/wp-json\/wp\/v2\/posts\/33607"}],"collection":[{"href":"https:\/\/www.actualidadadiario.com\/index.php\/wp-json\/wp\/v2\/posts"}],"about":[{"href":"https:\/\/www.actualidadadiario.com\/index.php\/wp-json\/wp\/v2\/types\/post"}],"author":[{"embeddable":true,"href":"https:\/\/www.actualidadadiario.com\/index.php\/wp-json\/wp\/v2\/users\/3"}],"replies":[{"embeddable":true,"href":"https:\/\/www.actualidadadiario.com\/index.php\/wp-json\/wp\/v2\/comments?post=33607"}],"version-history":[{"count":1,"href":"https:\/\/www.actualidadadiario.com\/index.php\/wp-json\/wp\/v2\/posts\/33607\/revisions"}],"predecessor-version":[{"id":33609,"href":"https:\/\/www.actualidadadiario.com\/index.php\/wp-json\/wp\/v2\/posts\/33607\/revisions\/33609"}],"wp:featuredmedia":[{"embeddable":true,"href":"https:\/\/www.actualidadadiario.com\/index.php\/wp-json\/wp\/v2\/media\/33608"}],"wp:attachment":[{"href":"https:\/\/www.actualidadadiario.com\/index.php\/wp-json\/wp\/v2\/media?parent=33607"}],"wp:term":[{"taxonomy":"category","embeddable":true,"href":"https:\/\/www.actualidadadiario.com\/index.php\/wp-json\/wp\/v2\/categories?post=33607"},{"taxonomy":"post_tag","embeddable":true,"href":"https:\/\/www.actualidadadiario.com\/index.php\/wp-json\/wp\/v2\/tags?post=33607"}],"curies":[{"name":"wp","href":"https:\/\/api.w.org\/{rel}","templated":true}]}}