{"id":33597,"date":"2018-09-25T10:26:13","date_gmt":"2018-09-25T13:26:13","guid":{"rendered":"https:\/\/www.actualidadadiario.com\/?p=33597"},"modified":"2018-11-06T19:37:09","modified_gmt":"2018-11-06T22:37:09","slug":"vaca-muerta-ya-genera-divisas-exportan-electricidad-a-brasil-y-gas-a-chile","status":"publish","type":"post","link":"https:\/\/www.actualidadadiario.com\/index.php\/2018\/09\/25\/vaca-muerta-ya-genera-divisas-exportan-electricidad-a-brasil-y-gas-a-chile\/","title":{"rendered":"Vaca Muerta ya genera divisas, exportan electricidad a Brasil y gas a Chile"},"content":{"rendered":"<p><em><strong>La gran esperanza del modelo empieza a mostrar &#8220;brotes&#8221; La producci\u00f3n neuquina abarat\u00f3 la producci\u00f3n de electricidad. Tambi\u00e9n ahora hay excedente de gas, que se puede colocar en el exterior<\/strong><\/em><\/p>\n<p>&nbsp;<\/p>\n<p>&nbsp;<\/p>\n<p>&nbsp;<\/p>\n<p>&nbsp;<\/p>\n<p>Con bombos y platillos, el Gobierno anunci\u00f3 que desde el s\u00e1bado pasado hasta este viernes, del 22 al 28 de septiembre, la Argentina exportar\u00e1 electricidad a Brasil, ahora sin compromiso de reimportaci\u00f3n.<\/p>\n<p>&nbsp;<\/p>\n<p>Se trata de ventas de este tipo por primera vez en los \u00faltimos 15 a\u00f1os. Y ser\u00e1 gracias a los excedentes de producci\u00f3n de gas natural -la materia prima con la que se genera casi el 65% de la energ\u00eda el\u00e9ctrica en las centrales t\u00e9rmicas- en Vaca Muerta y por la escasa demanda, tanto de gas natural como de electricidad, por las temperaturas primaverales.<\/p>\n<p>&nbsp;<\/p>\n<p>Simult\u00e1neamente, el Gobierno autoriz\u00f3 y reglament\u00f3 las exportaciones de gas a Chile, basadas en el mismo fen\u00f3meno y tras negociaciones entre los gobiernos de ambos lados de los Andes.<\/p>\n<p>&nbsp;<\/p>\n<p>El Operador Nacional del Sistema El\u00e9ctrico Brasilero (ONS, quien tiene a su cargo la operaci\u00f3n y el despacho el\u00e9ctrico en el pa\u00eds vecino) licit\u00f3 la compra de energ\u00eda y la propuesta de la Compa\u00f1\u00eda Administradora del Mercado Mayorista El\u00e9ctrico (Cammesa, una sociedad mixta entre el Estado Nacional y las grandes generadoras privadas) gan\u00f3 con dos bloques de 300 MW, a un precio de u$s 85 y u$s 90 megavatios-hora (MWh) cada uno.<\/p>\n<p>&nbsp;<\/p>\n<p>&#8220;Si bien anteriormente la Argentina hab\u00eda realizado exportaciones de energ\u00eda a Brasil, esas hab\u00edan tenido el car\u00e1cter de &#8216;devoluciones&#8217; por importaciones de emergencia realizadas por nuestro pa\u00eds&#8221;, destac\u00f3 en un comunicado el Ministerio de Hacienda, \u00f3rbita bajo la cual est\u00e1 desde principios de este mes la Secretar\u00eda de Energ\u00eda.<\/p>\n<p>&nbsp;<\/p>\n<p>El sistema el\u00e9ctrico de Brasil depende casi exclusivamente de la energ\u00eda hidroel\u00e9ctrica (represas en los r\u00edos), por lo que est\u00e1 atada al clima y las sequ\u00edas afectan fuertemente la estabilidad. Por eso, desde hace algunos a\u00f1os el pa\u00eds vecino est\u00e1 diversificando su matriz, con el ingreso de parques de energ\u00eda renovable, ante la escasez de gas natural como opci\u00f3n (a diferencia de Argentina). El gas en el cintur\u00f3n industrial de San Pablo se paga unos u$s 12 por mill\u00f3n de BTU, mientras las grandes f\u00e1bricas argentinas lo pagan entre u$s 4 y u$s 5 por mill\u00f3n de BTU.<\/p>\n<p>&nbsp;<\/p>\n<p>Seg\u00fan explicaron desde Hacienda, &#8220;el gas utilizado es parte de los excedentes de gas en la cuenca Neuquina que no pueden reemplazar la importaci\u00f3n de gas desde Bolivia en la zona norte del pa\u00eds, por razones t\u00e9cnicas vinculadas a la capacidad de transporte de dicho fluido&#8221;.<\/p>\n<p>&nbsp;<\/p>\n<p>&#8220;Por este motivo, (los excedentes) son utilizados en la producci\u00f3n de energ\u00eda el\u00e9ctrica en la zona sur\/sureste del pa\u00eds y, mediante la red el\u00e9ctrica de alta tensi\u00f3n, lleva la oferta de energ\u00eda a la localidad de Garab\u00ed.<\/p>\n<p>&nbsp;<\/p>\n<p>Esta localidad se encuentra al sur de Posadas, sobre el R\u00edo Uruguay, y es el nodo de frontera del sistema el\u00e9ctrico argentino y punto de ingreso al brasilero&#8221;, acotaron.<\/p>\n<p>&nbsp;<\/p>\n<p>&nbsp;<\/p>\n<p><strong>Gas a Chile <\/strong><\/p>\n<p>En tanto, el Gobierno autoriz\u00f3 las primeras exportaciones de gas natural a Chile, para que las compa\u00f1\u00edas del sector puedan colocar los excedentes de la producci\u00f3n local, y a la vez inici\u00f3 una operatoria de venta de energ\u00eda el\u00e9ctrica a Brasil.<\/p>\n<p>&nbsp;<\/p>\n<p>As\u00ed lo inform\u00f3 la Secretar\u00eda de Energ\u00eda, luego de que se publicaran hoy en el Bolet\u00edn Oficial dos resoluciones y se indicara que ma\u00f1ana saldr\u00e1 una tercera similar, por las cuales se autorizan a las empresas Total Austral, Pan American Sur y Compa\u00f1\u00eda General de Combustibles a vender el fluido a la firma Methanex, ubicada en el sur de Chile.<\/p>\n<p>&nbsp;<\/p>\n<p>Energ\u00eda se\u00f1al\u00f3 que se trata de las primeras exportaciones de gas natural en el marco de la resoluci\u00f3n 104 del ex Ministerio de Energ\u00eda, a partir de la cual se estableci\u00f3 un nuevo procedimiento de autorizaci\u00f3n, sustentado en los excedentes de producci\u00f3n &#8220;generados a partir de las pol\u00edticas en materia de incentivos a la producci\u00f3n&#8221;.<\/p>\n<p>&nbsp;<\/p>\n<p>La decisi\u00f3n de autorizar las exportaciones se producen por la mayor producci\u00f3n de gas en Argentina, como consecuencia de los precios est\u00edmulo a las petroleras; y una menor demanda interna, por el tarifazo, la menor actividad econ\u00f3mica y las temperaturas m\u00e1s templadas, comentaron analistas del sector.<\/p>\n<p>&nbsp;<\/p>\n<p>La cantidad autorizada en cada exportaci\u00f3n es de 750.000 metros c\u00fabicos por d\u00eda, con un volumen total de 479.250.000 millones de metros c\u00fabicos, bajo condici\u00f3n interrumpible en todos los casos, y por el per\u00edodo que va desde la autorizaci\u00f3n hasta el 1 de junio de 2020, de acuerdo con la informaci\u00f3n oficial.<\/p>\n","protected":false},"excerpt":{"rendered":"<p>La gran esperanza del modelo empieza a mostrar &#8220;brotes&#8221; La producci\u00f3n neuquina abarat\u00f3 la producci\u00f3n de electricidad. Tambi\u00e9n ahora hay excedente de gas, que se puede colocar en el exterior &nbsp; &nbsp; &nbsp; &nbsp; Con bombos y platillos, el Gobierno anunci\u00f3 que desde el s\u00e1bado pasado hasta este viernes, del 22 al 28 de septiembre, la Argentina exportar\u00e1 electricidad a Brasil, ahora sin compromiso de reimportaci\u00f3n. &nbsp; Se trata de ventas de este tipo por primera vez en los \u00faltimos 15 a\u00f1os. Y ser\u00e1 gracias a los excedentes de producci\u00f3n&#8230;<\/p>\n","protected":false},"author":3,"featured_media":33598,"comment_status":"closed","ping_status":"closed","sticky":false,"template":"","format":"standard","meta":[],"categories":[2],"tags":[],"_links":{"self":[{"href":"https:\/\/www.actualidadadiario.com\/index.php\/wp-json\/wp\/v2\/posts\/33597"}],"collection":[{"href":"https:\/\/www.actualidadadiario.com\/index.php\/wp-json\/wp\/v2\/posts"}],"about":[{"href":"https:\/\/www.actualidadadiario.com\/index.php\/wp-json\/wp\/v2\/types\/post"}],"author":[{"embeddable":true,"href":"https:\/\/www.actualidadadiario.com\/index.php\/wp-json\/wp\/v2\/users\/3"}],"replies":[{"embeddable":true,"href":"https:\/\/www.actualidadadiario.com\/index.php\/wp-json\/wp\/v2\/comments?post=33597"}],"version-history":[{"count":1,"href":"https:\/\/www.actualidadadiario.com\/index.php\/wp-json\/wp\/v2\/posts\/33597\/revisions"}],"predecessor-version":[{"id":33599,"href":"https:\/\/www.actualidadadiario.com\/index.php\/wp-json\/wp\/v2\/posts\/33597\/revisions\/33599"}],"wp:featuredmedia":[{"embeddable":true,"href":"https:\/\/www.actualidadadiario.com\/index.php\/wp-json\/wp\/v2\/media\/33598"}],"wp:attachment":[{"href":"https:\/\/www.actualidadadiario.com\/index.php\/wp-json\/wp\/v2\/media?parent=33597"}],"wp:term":[{"taxonomy":"category","embeddable":true,"href":"https:\/\/www.actualidadadiario.com\/index.php\/wp-json\/wp\/v2\/categories?post=33597"},{"taxonomy":"post_tag","embeddable":true,"href":"https:\/\/www.actualidadadiario.com\/index.php\/wp-json\/wp\/v2\/tags?post=33597"}],"curies":[{"name":"wp","href":"https:\/\/api.w.org\/{rel}","templated":true}]}}