{"id":33593,"date":"2018-09-25T10:24:38","date_gmt":"2018-09-25T13:24:38","guid":{"rendered":"https:\/\/www.actualidadadiario.com\/?p=33593"},"modified":"2018-11-06T19:37:14","modified_gmt":"2018-11-06T22:37:14","slug":"en-el-presupuesto-2019-el-gobierno-ratifico-la-eliminacion-de-la-tarifa-social-electrica","status":"publish","type":"post","link":"https:\/\/www.actualidadadiario.com\/index.php\/2018\/09\/25\/en-el-presupuesto-2019-el-gobierno-ratifico-la-eliminacion-de-la-tarifa-social-electrica\/","title":{"rendered":"En el Presupuesto 2019 el Gobierno ratific\u00f3 la eliminaci\u00f3n de la tarifa social el\u00e9ctrica"},"content":{"rendered":"<p><em><strong>Hacienda busca ahorrar de ese modo 460 millones de d\u00f3lares. Dujovne dijo que las provincias se har\u00e1n cargo del costo del beneficio, pero eso no est\u00e1 garantizado. Por lo tanto, 4,1 millones de hogares pobres podr\u00edan perder el beneficio el a\u00f1o pr\u00f3ximo<\/strong><\/em><\/p>\n<p>&nbsp;<\/p>\n<p>&nbsp;<\/p>\n<p>&nbsp;<\/p>\n<p>&nbsp;<\/p>\n<p>&nbsp;<\/p>\n<p>Desde diciembre de 2015, la tarifa el\u00e9ctrica para un cliente de Edesur que consume 250 kWh por mes aument\u00f3 de 18,85 a 542,11 pesos sin impuestos, un 2775 por ciento. En el mismo per\u00edodo la inflaci\u00f3n en la Ciudad de Buenos Aires, medida hasta agosto, fue de 120 por ciento. La transferencia de ingresos de los usuarios hacia las empresas viene siendo vertiginosa, pues el plan oficial apunta a revertir en apenas cuatro a\u00f1os el efecto que provoc\u00f3 el congelamiento tarifario durante m\u00e1s de una d\u00e9cada. En las provincias la suba fue menor, pero tambi\u00e9n estuvo por encima de la inflaci\u00f3n. La \u00fanica medida destinada a atenuar los aumentos fue la implementaci\u00f3n de la tarifa social con la cual se busc\u00f3 proteger a los sectores m\u00e1s vulnerables de la sociedad. Sin embargo, luego de algunas idas y vueltas el gobierno confirm\u00f3 en el proyecto de Presupuesto 2019 su intenci\u00f3n de eliminarla para cumplir con el ajuste fiscal comprometido ante el Fondo Monetario Internacional. De ese modo, se ahorrar\u00e1 460 millones de d\u00f3lares. Unos 4,1 millones de hogares pobres podr\u00edan perder el beneficio a partir del a\u00f1o pr\u00f3ximo. Solo sobrevivir\u00e1 el subsidio en aquellas provincias donde los gobernadores se hagan cargo de su costo.<\/p>\n<p>&nbsp;<\/p>\n<p>Los que acceden actualmente a la tarifa social son jubilados, pensionados, trabajadores en relaci\u00f3n de dependencia y monotributistas que perciben una remuneraci\u00f3n bruta menor o igual a dos salarios m\u00ednimos (21.400 pesos), inscriptos en el monotributo social, empleadas del servicio dom\u00e9stico, trabajadores que cobran el seguro de desempleo, beneficiarios de programas sociales, personas con discapacidad y veteranos de guerra, siempre que no sean propietarios de m\u00e1s de un inmueble, tengan embarcaciones o un auto de hasta 10 a\u00f1os de antig\u00fcedad. La tarifa social bonifica el 100 por ciento de un bloque de consumo base de 150 Kwh por mes (300 Kwh en las provincias del noreste) y 50 por ciento de un segundo bloque de 150 Kwh.<\/p>\n<p>&nbsp;<\/p>\n<p>En el informe presentado el 1 de agosto ante la C\u00e1mara de Diputados, el jefe de Gabinete, Marcos Pe\u00f1a, detall\u00f3 que, seg\u00fan datos de la Compa\u00f1\u00eda Administradora del Mercado Mayorista El\u00e9ctrico (CAMMESA), en abril de este a\u00f1o 4.144.179 hogares percibieron la tarifa social el\u00e9ctrica, el 29,8 por ciento del total de los usuarios residenciales. En el \u00c1rea Metropolitana de Buenos Aires (AMBA) se concentraron 1.323.442 beneficiarios, el 31,9 por ciento del total que accede al subsidio en todo el pa\u00eds. Sin embargo, esa cifra representa s\u00f3lo el 27 por ciento de los usuarios del AMBA. Si se confecciona un ranking tomando en cuenta el porcentaje de beneficiarios sobre el total de usuarios de cada provincia, en primer lugar se ubica Santiago del Estero donde el 45,4 por ciento de los hogares de la provincia accede a la tarifa social (104.393). El segundo puesto es para Formosa con el 42,7 por ciento (67.752) y el tercero es para C\u00f3rdoba con el 40,1 por ciento (480.112).<\/p>\n<p>&nbsp;<\/p>\n<p>El ministro de Hacienda, Nicol\u00e1s Dujovne, present\u00f3 el lunes 3 de septiembre su plan para alcanzar el d\u00e9ficit cero de las cuentas primarias el a\u00f1o pr\u00f3ximo. El funcionario adelant\u00f3 ese d\u00eda que entre las medidas para lograrlo se inclu\u00eda dejar de subsidiar la tarifa el\u00e9ctrica social. \u201cEso no quiere decir que van a subir las tarifas. La Naci\u00f3n va a generar este ahorro puesto que ese subsidio va a ser afrontado por las provincias y los municipios en funci\u00f3n de la posici\u00f3n fiscal m\u00e1s holgada que cuentan con respecto a la Naci\u00f3n\u201d, sostuvo. A las pocas horas qued\u00f3 claro que la medida no hab\u00eda sido consensuada con los gobernadores. Simplemente se hab\u00eda decidido presentar el recorte de esa manera para tratar de minimizar el costo pol\u00edtico.<\/p>\n<p>&nbsp;<\/p>\n<p>A los dos d\u00edas sali\u00f3 publicada en el Bolet\u00edn Oficial la resoluci\u00f3n 122\/2018 que oficializ\u00f3 la \u201ctransferencia\u201d a partir del 1\u00ba de enero de 2019. All\u00ed se aclaraba que las provincias deb\u00edan hacerse cargo del financiamiento. Las quejas de los gobernadores se multiplicaron y entonces desde Hacienda se inform\u00f3 que la medida estaba en suspenso: \u201cEn el marco de las conversaciones con las provincias, y dadas las nuevas competencias del Ministerio de Hacienda en relaci\u00f3n a la energ\u00eda, el ministerio suspender\u00e1 la entrada en vigencia de la resoluci\u00f3n 122\/2018 aprobada el pasado 3\/09\/2018 para su evaluaci\u00f3n y eventual modificaci\u00f3n\u201d, se limit\u00f3 a informar Hacienda a trav\u00e9s de un comunicado.<\/p>\n<p>&nbsp;<\/p>\n<p>Hasta el momento, las negociaciones parecieran no haber prosperado porque el gobierno ratific\u00f3 en el proyecto del Presupuesto 2019 que dejar\u00e1 de financiar la tarifa social el\u00e9ctrica. \u201cA partir de 2019, ser\u00e1n las Provincias y la Ciudad Aut\u00f3noma de Buenos Aires quienes definir\u00e1n las compensaciones y\/o subsidios al transporte automotor dentro de sus jurisdicciones, y quienes eventualmente asumir\u00e1n las erogaciones presupuestarias asociadas a dichas decisiones. Esto genera un ahorro para el Estado Nacional equivalente a 0,3 por ciento del PBI. Lo mismo ocurrir\u00e1 con las tarifas el\u00e9ctricas diferenciales de acuerdo a la condici\u00f3n socioecon\u00f3mica del usuario residencial, lo cual representa un ahorro para la Naci\u00f3n del 0,1 por ciento del PBI\u201d, se puede leer en el mensaje que acompa\u00f1a al presupuesto. Ese 0,1 por ciento del PBI equivale a 18.415 millones de pesos, 460 millones de d\u00f3lares con el tipo de cambio promedio de 40 pesos que se proyect\u00f3 para el a\u00f1o pr\u00f3ximo.<\/p>\n","protected":false},"excerpt":{"rendered":"<p>Hacienda busca ahorrar de ese modo 460 millones de d\u00f3lares. Dujovne dijo que las provincias se har\u00e1n cargo del costo del beneficio, pero eso no est\u00e1 garantizado. Por lo tanto, 4,1 millones de hogares pobres podr\u00edan perder el beneficio el a\u00f1o pr\u00f3ximo &nbsp; &nbsp; &nbsp; &nbsp; &nbsp; Desde diciembre de 2015, la tarifa el\u00e9ctrica para un cliente de Edesur que consume 250 kWh por mes aument\u00f3 de 18,85 a 542,11 pesos sin impuestos, un 2775 por ciento. En el mismo per\u00edodo la inflaci\u00f3n en la Ciudad de Buenos Aires, medida&#8230;<\/p>\n","protected":false},"author":3,"featured_media":32731,"comment_status":"closed","ping_status":"closed","sticky":false,"template":"","format":"standard","meta":[],"categories":[2],"tags":[],"_links":{"self":[{"href":"https:\/\/www.actualidadadiario.com\/index.php\/wp-json\/wp\/v2\/posts\/33593"}],"collection":[{"href":"https:\/\/www.actualidadadiario.com\/index.php\/wp-json\/wp\/v2\/posts"}],"about":[{"href":"https:\/\/www.actualidadadiario.com\/index.php\/wp-json\/wp\/v2\/types\/post"}],"author":[{"embeddable":true,"href":"https:\/\/www.actualidadadiario.com\/index.php\/wp-json\/wp\/v2\/users\/3"}],"replies":[{"embeddable":true,"href":"https:\/\/www.actualidadadiario.com\/index.php\/wp-json\/wp\/v2\/comments?post=33593"}],"version-history":[{"count":1,"href":"https:\/\/www.actualidadadiario.com\/index.php\/wp-json\/wp\/v2\/posts\/33593\/revisions"}],"predecessor-version":[{"id":33594,"href":"https:\/\/www.actualidadadiario.com\/index.php\/wp-json\/wp\/v2\/posts\/33593\/revisions\/33594"}],"wp:featuredmedia":[{"embeddable":true,"href":"https:\/\/www.actualidadadiario.com\/index.php\/wp-json\/wp\/v2\/media\/32731"}],"wp:attachment":[{"href":"https:\/\/www.actualidadadiario.com\/index.php\/wp-json\/wp\/v2\/media?parent=33593"}],"wp:term":[{"taxonomy":"category","embeddable":true,"href":"https:\/\/www.actualidadadiario.com\/index.php\/wp-json\/wp\/v2\/categories?post=33593"},{"taxonomy":"post_tag","embeddable":true,"href":"https:\/\/www.actualidadadiario.com\/index.php\/wp-json\/wp\/v2\/tags?post=33593"}],"curies":[{"name":"wp","href":"https:\/\/api.w.org\/{rel}","templated":true}]}}