{"id":33590,"date":"2018-09-25T10:23:37","date_gmt":"2018-09-25T13:23:37","guid":{"rendered":"https:\/\/www.actualidadadiario.com\/?p=33590"},"modified":"2018-11-06T19:37:14","modified_gmt":"2018-11-06T22:37:14","slug":"alpargatas-cierra-dos-de-sus-plantas-y-despide-a-445-trabajadores","status":"publish","type":"post","link":"https:\/\/www.actualidadadiario.com\/index.php\/2018\/09\/25\/alpargatas-cierra-dos-de-sus-plantas-y-despide-a-445-trabajadores\/","title":{"rendered":"Alpargatas cierra dos de sus plantas y despide a 445 trabajadores"},"content":{"rendered":"<p><em><strong>Las plantas que dejar\u00e1n de funcionar son las de Santa Rosa, provincia de La Pampa, y Catamarca. La compa\u00f1\u00eda habl\u00f3 de &#8220;la creciente competencia externa&#8221;<\/strong><\/em><\/p>\n<p>&nbsp;<\/p>\n<p>&nbsp;<\/p>\n<p>&nbsp;<\/p>\n<p>&nbsp;<\/p>\n<p>Alpargatas comunic\u00f3 el cierre de sus plantas fabriles de Santa Rosa (La Pampa) y Catamarca, al tiempo que reducir\u00e1 la cantidad de empleados en el resto de las locaciones que posee la empresa.<\/p>\n<p>&nbsp;<\/p>\n<p>La compa\u00f1\u00eda contaba hasta el momento con siete plantas industriales: cuatro, destinadas al negocio textil en Corrientes, Buenos Aires, Catamarca y Chaco; y otras tres orientadas al negocio de calzado en Tucum\u00e1n, Catamarca y Santa Rosa.<\/p>\n<p>&nbsp;<\/p>\n<p>La patronal se\u00f1al\u00f3 en un comunicado que \u201cdesde hace tiempo, la compa\u00f1\u00eda atraviesa la dif\u00edcil situaci\u00f3n coyuntural del pa\u00eds que implica una fuerte ca\u00edda en el consumo, particularmente en los negocios de calzado y textil donde Alpargatas es l\u00edder\u201d.<\/p>\n<p>&nbsp;<\/p>\n<p>Alpargatas argument\u00f3 que \u201cviene sufriendo problemas estructurales que se agravan ante la creciente competencia externa\u201d, en especial desde Asia y Brasil, como \u201celevados costos laborales, alta carga impositiva y una estructura fabril excesiva\u201d.<\/p>\n<p>&nbsp;<\/p>\n<p>\u201cComo siempre ha sucedido en la compa\u00f1\u00eda, los empleados desvinculados recibir\u00e1n el pago del 100% de las indemnizaciones\u201d, aclararon en el texto.<\/p>\n<p>&nbsp;<\/p>\n<p>\u201cA nosotros nos comunicaron el jueves, y hoy (por el lunes lo comunicaron en la planta. Es muy desgarrador, no se puede hacer nada. Escapa a toda posibilidad de reacci\u00f3n de nuestro gremio porque pagan las indemnizaciones completas\u201d, se\u00f1alaron los representantes de los trabajadores en declaraciones a El Diario de La Pampa.<\/p>\n","protected":false},"excerpt":{"rendered":"<p>Las plantas que dejar\u00e1n de funcionar son las de Santa Rosa, provincia de La Pampa, y Catamarca. La compa\u00f1\u00eda habl\u00f3 de &#8220;la creciente competencia externa&#8221; &nbsp; &nbsp; &nbsp; &nbsp; Alpargatas comunic\u00f3 el cierre de sus plantas fabriles de Santa Rosa (La Pampa) y Catamarca, al tiempo que reducir\u00e1 la cantidad de empleados en el resto de las locaciones que posee la empresa. &nbsp; La compa\u00f1\u00eda contaba hasta el momento con siete plantas industriales: cuatro, destinadas al negocio textil en Corrientes, Buenos Aires, Catamarca y Chaco; y otras tres orientadas al&#8230;<\/p>\n","protected":false},"author":3,"featured_media":33591,"comment_status":"closed","ping_status":"closed","sticky":false,"template":"","format":"standard","meta":[],"categories":[2],"tags":[],"_links":{"self":[{"href":"https:\/\/www.actualidadadiario.com\/index.php\/wp-json\/wp\/v2\/posts\/33590"}],"collection":[{"href":"https:\/\/www.actualidadadiario.com\/index.php\/wp-json\/wp\/v2\/posts"}],"about":[{"href":"https:\/\/www.actualidadadiario.com\/index.php\/wp-json\/wp\/v2\/types\/post"}],"author":[{"embeddable":true,"href":"https:\/\/www.actualidadadiario.com\/index.php\/wp-json\/wp\/v2\/users\/3"}],"replies":[{"embeddable":true,"href":"https:\/\/www.actualidadadiario.com\/index.php\/wp-json\/wp\/v2\/comments?post=33590"}],"version-history":[{"count":1,"href":"https:\/\/www.actualidadadiario.com\/index.php\/wp-json\/wp\/v2\/posts\/33590\/revisions"}],"predecessor-version":[{"id":33592,"href":"https:\/\/www.actualidadadiario.com\/index.php\/wp-json\/wp\/v2\/posts\/33590\/revisions\/33592"}],"wp:featuredmedia":[{"embeddable":true,"href":"https:\/\/www.actualidadadiario.com\/index.php\/wp-json\/wp\/v2\/media\/33591"}],"wp:attachment":[{"href":"https:\/\/www.actualidadadiario.com\/index.php\/wp-json\/wp\/v2\/media?parent=33590"}],"wp:term":[{"taxonomy":"category","embeddable":true,"href":"https:\/\/www.actualidadadiario.com\/index.php\/wp-json\/wp\/v2\/categories?post=33590"},{"taxonomy":"post_tag","embeddable":true,"href":"https:\/\/www.actualidadadiario.com\/index.php\/wp-json\/wp\/v2\/tags?post=33590"}],"curies":[{"name":"wp","href":"https:\/\/api.w.org\/{rel}","templated":true}]}}