{"id":33587,"date":"2018-09-25T10:22:34","date_gmt":"2018-09-25T13:22:34","guid":{"rendered":"https:\/\/www.actualidadadiario.com\/?p=33587"},"modified":"2018-11-06T19:37:14","modified_gmt":"2018-11-06T22:37:14","slug":"camioneros-lleva-la-protesta-a-las-rutas-de-entre-rios","status":"publish","type":"post","link":"https:\/\/www.actualidadadiario.com\/index.php\/2018\/09\/25\/camioneros-lleva-la-protesta-a-las-rutas-de-entre-rios\/","title":{"rendered":"Camioneros lleva la protesta a las rutas de Entre R\u00edos"},"content":{"rendered":"<p><em><strong>La protesta de Camioneros se siente en el T\u00fanel Subfluvial y en las rutas de Chajar\u00ed, Concordia, Concepci\u00f3n del Uruguay, Victoria, Nogoy\u00e1 y Ceibas<\/strong><\/em><\/p>\n<p>&nbsp;<\/p>\n<p>&nbsp;<\/p>\n<p>&nbsp;<\/p>\n<p>&nbsp;<\/p>\n<p>Espec\u00edficamente, en el departamento Concordia, est\u00e1n apostados a la vera de la autov\u00eda Gervasio Artigas, en el kil\u00f3metro 250, ingreso a la localidad de Calabacilla.<\/p>\n<p>&nbsp;<\/p>\n<p>Camioneros fue uno de los gremios de la CGT que particip\u00f3 este lunes en la marcha convocada por la Multisectorial a Casa de Gobierno, en Paran\u00e1.<\/p>\n<p>&nbsp;<\/p>\n<p>&#8220;Adherimos acompa\u00f1ando el reclamo que se viene haciendo desde que asumi\u00f3 este gobierno, que le quit\u00f3 las retenciones al campo, las retenciones a las mineras y los \u00fanicos que estamos pagando los platos rotos somos los laburantes, los jubilados&#8221;, dijo el titular del sindicato en Entre R\u00edos, Jorge \u00c1valos.<\/p>\n<p>&nbsp;<\/p>\n<p>El referente gremial cuestion\u00f3 el presupuesto nacional por &#8220;mentiroso&#8221; y advirti\u00f3 a los gobernadores que el gobierno de Macri &#8220;no respeta los acuerdos pol\u00edticos, s\u00f3lo necesita su apoyo y despu\u00e9s se lleva todo puesto&#8221;.<\/p>\n<p>&nbsp;<\/p>\n<p>\u00c1valos tambi\u00e9n critic\u00f3 el &#8220;desarme de Ministerios&#8221;, particularmente el de Trabajo que &#8220;es una conquista que nos dej\u00f3 el general Per\u00f3n a todos los trabajadores\u201d. En efecto, denunci\u00f3 que \u201ceste gobierno oligarca quieren llevarse puestas todas las conquistas de los trabajadores y del pueblo\u201d.<\/p>\n","protected":false},"excerpt":{"rendered":"<p>La protesta de Camioneros se siente en el T\u00fanel Subfluvial y en las rutas de Chajar\u00ed, Concordia, Concepci\u00f3n del Uruguay, Victoria, Nogoy\u00e1 y Ceibas &nbsp; &nbsp; &nbsp; &nbsp; Espec\u00edficamente, en el departamento Concordia, est\u00e1n apostados a la vera de la autov\u00eda Gervasio Artigas, en el kil\u00f3metro 250, ingreso a la localidad de Calabacilla. &nbsp; Camioneros fue uno de los gremios de la CGT que particip\u00f3 este lunes en la marcha convocada por la Multisectorial a Casa de Gobierno, en Paran\u00e1. &nbsp; &#8220;Adherimos acompa\u00f1ando el reclamo que se viene haciendo desde&#8230;<\/p>\n","protected":false},"author":3,"featured_media":33588,"comment_status":"closed","ping_status":"closed","sticky":false,"template":"","format":"standard","meta":[],"categories":[15],"tags":[],"_links":{"self":[{"href":"https:\/\/www.actualidadadiario.com\/index.php\/wp-json\/wp\/v2\/posts\/33587"}],"collection":[{"href":"https:\/\/www.actualidadadiario.com\/index.php\/wp-json\/wp\/v2\/posts"}],"about":[{"href":"https:\/\/www.actualidadadiario.com\/index.php\/wp-json\/wp\/v2\/types\/post"}],"author":[{"embeddable":true,"href":"https:\/\/www.actualidadadiario.com\/index.php\/wp-json\/wp\/v2\/users\/3"}],"replies":[{"embeddable":true,"href":"https:\/\/www.actualidadadiario.com\/index.php\/wp-json\/wp\/v2\/comments?post=33587"}],"version-history":[{"count":1,"href":"https:\/\/www.actualidadadiario.com\/index.php\/wp-json\/wp\/v2\/posts\/33587\/revisions"}],"predecessor-version":[{"id":33589,"href":"https:\/\/www.actualidadadiario.com\/index.php\/wp-json\/wp\/v2\/posts\/33587\/revisions\/33589"}],"wp:featuredmedia":[{"embeddable":true,"href":"https:\/\/www.actualidadadiario.com\/index.php\/wp-json\/wp\/v2\/media\/33588"}],"wp:attachment":[{"href":"https:\/\/www.actualidadadiario.com\/index.php\/wp-json\/wp\/v2\/media?parent=33587"}],"wp:term":[{"taxonomy":"category","embeddable":true,"href":"https:\/\/www.actualidadadiario.com\/index.php\/wp-json\/wp\/v2\/categories?post=33587"},{"taxonomy":"post_tag","embeddable":true,"href":"https:\/\/www.actualidadadiario.com\/index.php\/wp-json\/wp\/v2\/tags?post=33587"}],"curies":[{"name":"wp","href":"https:\/\/api.w.org\/{rel}","templated":true}]}}