{"id":33584,"date":"2018-09-25T10:22:00","date_gmt":"2018-09-25T13:22:00","guid":{"rendered":"https:\/\/www.actualidadadiario.com\/?p=33584"},"modified":"2018-11-06T19:37:14","modified_gmt":"2018-11-06T22:37:14","slug":"no-circula-ningun-colectivo-en-parana-el-paro-de-uta-es-total","status":"publish","type":"post","link":"https:\/\/www.actualidadadiario.com\/index.php\/2018\/09\/25\/no-circula-ningun-colectivo-en-parana-el-paro-de-uta-es-total\/","title":{"rendered":"&#8220;No circula ning\u00fan colectivo&#8221; en Paran\u00e1: el paro de UTA &#8220;es total&#8221;"},"content":{"rendered":"<p><em><strong>As\u00ed lo afirm\u00f3 \u00a0Sergio Groh, secretario gremial de UTA Entre R\u00edos, quien se\u00f1al\u00f3 que a los galpones de calle 3 de Febrero, donde se guardan los colectivos del transporte urbano &#8220;ninguno de los choferes concurri\u00f3 a trabajar&#8221;<\/strong><\/em><\/p>\n<p>&nbsp;<\/p>\n<p>&nbsp;<\/p>\n<p>&nbsp;<\/p>\n<p>Este martes se lleva adelante un paro nacional convocado por la CGT al cual adhieren la mayor\u00eda de los gremios. Uno de ellos es la Uni\u00f3n Transporte Automotor.<\/p>\n<p>&nbsp;<\/p>\n<p>Sergio Groh, secretario gremial de UTA Entre R\u00edos, confirm\u00f3 que &#8220;el paro que se est\u00e1 llevando a cabo es total, no ha concurrido ning\u00fan chofer al lugar de trabajo&#8221;. Y agreg\u00f3 que desde el sindicato &#8220;siempre estamos presentes en cada medida de fuerza por si alg\u00fan trabajador tiene alguna duda, estamos a disposici\u00f3n&#8221;.<\/p>\n<p>&nbsp;<\/p>\n<p>En los galpones de calle 3 de Febrero de la ciudad de Paran\u00e1 donde se guardan las unidades de las empresas Mariano Moreno y ERSA que prestan el servicio de transporte urbano se pod\u00edan observar todos los colectivos estacionados.<\/p>\n<p>&nbsp;<\/p>\n<p>Sobre la situaci\u00f3n en la Terminal de \u00d3mnibus, Groh mencion\u00f3 que &#8220;a partir de las 0 se dej\u00f3 de prestar servicio de media y larga en la provincia. La adhesi\u00f3n es total de todo el transporte, no hay un solo colectivo&#8221; circulando, reiter\u00f3.<\/p>\n<p>&nbsp;<\/p>\n<p>Finalmente el gremialista record\u00f3 que UTA adhiri\u00f3 a la medida de fuerza dispuesta a nivel nacional &#8220;porque fue convocada por la CGT, de la cual formamos parte, en rechazo de todas las medidas y atropellos del gobierno nacional hacia los trabajadores. Deciemos basta de ajustes porque el que m\u00e1s lo sufre es el trabajador&#8221;.<\/p>\n<p>&nbsp;<\/p>\n<p>El servicio de transporte de corta, media y larga distancia se reanuda a partir de las 0 del mi\u00e9rcoles.<\/p>\n<p>&nbsp;<\/p>\n<p>La basura amontonada en contendores esta madrugada en Paran\u00e1, era una de las postales m\u00e1s notorias de la huelga general.<\/p>\n","protected":false},"excerpt":{"rendered":"<p>As\u00ed lo afirm\u00f3 \u00a0Sergio Groh, secretario gremial de UTA Entre R\u00edos, quien se\u00f1al\u00f3 que a los galpones de calle 3 de Febrero, donde se guardan los colectivos del transporte urbano &#8220;ninguno de los choferes concurri\u00f3 a trabajar&#8221; &nbsp; &nbsp; &nbsp; Este martes se lleva adelante un paro nacional convocado por la CGT al cual adhieren la mayor\u00eda de los gremios. Uno de ellos es la Uni\u00f3n Transporte Automotor. &nbsp; Sergio Groh, secretario gremial de UTA Entre R\u00edos, confirm\u00f3 que &#8220;el paro que se est\u00e1 llevando a cabo es total, no&#8230;<\/p>\n","protected":false},"author":3,"featured_media":33585,"comment_status":"closed","ping_status":"closed","sticky":false,"template":"","format":"standard","meta":[],"categories":[15],"tags":[],"_links":{"self":[{"href":"https:\/\/www.actualidadadiario.com\/index.php\/wp-json\/wp\/v2\/posts\/33584"}],"collection":[{"href":"https:\/\/www.actualidadadiario.com\/index.php\/wp-json\/wp\/v2\/posts"}],"about":[{"href":"https:\/\/www.actualidadadiario.com\/index.php\/wp-json\/wp\/v2\/types\/post"}],"author":[{"embeddable":true,"href":"https:\/\/www.actualidadadiario.com\/index.php\/wp-json\/wp\/v2\/users\/3"}],"replies":[{"embeddable":true,"href":"https:\/\/www.actualidadadiario.com\/index.php\/wp-json\/wp\/v2\/comments?post=33584"}],"version-history":[{"count":1,"href":"https:\/\/www.actualidadadiario.com\/index.php\/wp-json\/wp\/v2\/posts\/33584\/revisions"}],"predecessor-version":[{"id":33586,"href":"https:\/\/www.actualidadadiario.com\/index.php\/wp-json\/wp\/v2\/posts\/33584\/revisions\/33586"}],"wp:featuredmedia":[{"embeddable":true,"href":"https:\/\/www.actualidadadiario.com\/index.php\/wp-json\/wp\/v2\/media\/33585"}],"wp:attachment":[{"href":"https:\/\/www.actualidadadiario.com\/index.php\/wp-json\/wp\/v2\/media?parent=33584"}],"wp:term":[{"taxonomy":"category","embeddable":true,"href":"https:\/\/www.actualidadadiario.com\/index.php\/wp-json\/wp\/v2\/categories?post=33584"},{"taxonomy":"post_tag","embeddable":true,"href":"https:\/\/www.actualidadadiario.com\/index.php\/wp-json\/wp\/v2\/tags?post=33584"}],"curies":[{"name":"wp","href":"https:\/\/api.w.org\/{rel}","templated":true}]}}