{"id":33581,"date":"2018-09-25T10:21:24","date_gmt":"2018-09-25T13:21:24","guid":{"rendered":"https:\/\/www.actualidadadiario.com\/?p=33581"},"modified":"2018-11-06T19:37:14","modified_gmt":"2018-11-06T22:37:14","slug":"en-una-masiva-movilizacion-la-multisectorial-se-pronuncio-contra-el-presupuesto-y-el-fmi","status":"publish","type":"post","link":"https:\/\/www.actualidadadiario.com\/index.php\/2018\/09\/25\/en-una-masiva-movilizacion-la-multisectorial-se-pronuncio-contra-el-presupuesto-y-el-fmi\/","title":{"rendered":"En una masiva movilizaci\u00f3n la Multisectorial se pronunci\u00f3 contra el presupuesto y el FMI"},"content":{"rendered":"<p><em><strong>Las organizaciones sindicales, sociales y pol\u00edticas confluyeron este lunes en una masiva movilizaci\u00f3n que parti\u00f3 desde las Cinco Esquinas y culmin\u00f3 en Casa de Gobierno donde se ley\u00f3 un documento contra el ajuste del gobierno nacional. El secretario general de ATE, Oscar Muntes, reclam\u00f3 a los gobernadores y legisladores que no acompa\u00f1en el presupuesto nacional<\/strong><\/em><\/p>\n<p>&nbsp;<\/p>\n<p>&nbsp;<\/p>\n<p>&nbsp;<\/p>\n<p>&nbsp;<\/p>\n<p>Adem\u00e1s de los gremios nucleados en las tres CTA y la CGT, las organizaciones sociales y pol\u00edticas, participaron dirigentes opositores, legisladores nacionales y provinciales del FpV y ediles del PJ de Paran\u00e1.<\/p>\n<p>&nbsp;<\/p>\n<p>\u201cFue una movilizaci\u00f3n multitudinaria que nos sobrepas\u00f3\u201d, describi\u00f3 Muntes y admiti\u00f3: \u201cEsto nos da un compromiso a quienes tenemos la responsabilidad de conducir y tambi\u00e9n reafirma que no estamos convocados en el rumbo que hemos tomado para decirle no al presupuesto nacional\u201d.<\/p>\n<p>&nbsp;<\/p>\n<p>Pidi\u00f3 \u201cque los gobernadores y los legisladores no acompa\u00f1en el presupuesto de Macri\u201d, tal como se se\u00f1al\u00f3 en el documento le\u00eddo en la explanada de Casa de Gobierno.<\/p>\n<p>&nbsp;<\/p>\n<p>Muntes destac\u00f3 la unidad de las organizaciones que lograron \u201cencontrar las coincidencias por sobre las diferencias\u201d y admiti\u00f3 que \u201cahora tenemos que seguir trabajando m\u00e1s que nunca porque viene un desaf\u00edo muy grande para toda la clase trabajadora argentina\u201d.<\/p>\n<p>&nbsp;<\/p>\n<p>Tambi\u00e9n destac\u00f3 la unidad de las centrales sindicales en la provincia, puesto que muchos gremios de la CGT acompa\u00f1aron la medida de cara al paro nacional de este martes.<\/p>\n<p>&nbsp;<\/p>\n<p>\u201cEn la provincia pudimos construir a pesar de las diferencias, que son entendibles y discutibles, y esto es un claro mensaje a todas las conducciones nacionales porque hay que dejar de lado las mezquindades sectoriales y trabajar por el inter\u00e9s general contra el ajuste, el despido, la precarizaci\u00f3n\u201d.<\/p>\n<p>&nbsp;<\/p>\n<p>El dirigente de ATE asegur\u00f3 que \u201csi este presupuesto pasa es porque han acordado los socios de Macri\u201d.<\/p>\n<p>&nbsp;<\/p>\n<p>Para este martes, Muntes prometi\u00f3 \u201cun paro contundente\u201d, y record\u00f3 que hace dos a\u00f1os \u201cgran parte de la poblaci\u00f3n no entend\u00eda que nosotros nos moviliz\u00e1ramos, que cort\u00e1ramos la calle y a veces pod\u00edamos ocasionar alg\u00fan inconveniente en el tr\u00e1nsito, hoy nos sentimos acompa\u00f1ados, comprendidos e incluidos. Algo pas\u00f3 en el medio y es que no bancamos m\u00e1s la pol\u00edtica de ajuste y la pol\u00edtica que est\u00e1 llevando adelante este gobierno nacional y que los gobierno provinciales le garantizan. Este es un claro mensaje para el gobernador de la provincia y \u00e9l tiene que definir o siguen ajustando o se ponen del lado del pueblo\u201d, concluy\u00f3.<\/p>\n<p>&nbsp;<\/p>\n<p>&nbsp;<\/p>\n<p><strong>CGT: \u201cPedimos a los legisladores que no voten el presupuesto\u201d<\/strong><\/p>\n<p>Por su parte, el referente de la CGT, Oscar Barbieri, resalt\u00f3 la contundencia de la movilizaci\u00f3n: \u201cHacia mucho que en nuestra ciudad no se realizaba una movilizaci\u00f3n tan importante\u201d e hizo hincapi\u00e9 en \u201cla unidad\u201d del pueblo para luchar contra \u201cla p\u00e9rdida de conquistas laborales\u201d.<\/p>\n<p>&nbsp;<\/p>\n<p>\u201cEstamos en la calle, unidos, ejerciendo nuestro derecho constitucional de peticionar ante las autoridades\u201d, agreg\u00f3.<\/p>\n<p>&nbsp;<\/p>\n<p>Para el dirigente, la movilizaci\u00f3n es \u201cun claro mensaje a los legisladores nacionales para decirles que no voten este presupuesto de hambre que avasalla derechos de trabajadores y de jubilados, y atenta contra el poder adquisitivo de todos debido a la quita de subsidios que encarecen las tarifas\u201d.<\/p>\n<p>&nbsp;<\/p>\n<p>\u201cLes decimos a los legisladores nacionales entrerrianos que no voten el presupuesto y a los peronistas que honren las banderas del\u00a0 partido. Tambi\u00e9n le preguntar\u00eda respetuosamente al Gobernador, en qu\u00e9 te has convertido, no te dejes llevar por este Gobierno nacional que tiene oscuros intereses\u201d, asever\u00f3.<\/p>\n<p>&nbsp;<\/p>\n<p>&nbsp;<\/p>\n<p><strong>Agmer: unidad y resistencia en la calle<\/strong><\/p>\n<p>El secretario general de Agmer, Marcelo Pagani, calific\u00f3 como \u201cimpresionante\u201d a la marcha. \u201cEstamos en un contexto muy dif\u00edcil, y esta movilizaci\u00f3n es una clara demostraci\u00f3n de lo dispuestos que estamos los trabajadores a resistir en la calle\u201d, subray\u00f3.<\/p>\n<p>&nbsp;<\/p>\n<p>En ese sentido remarc\u00f3 la importancia de \u201cla unidad en acci\u00f3n de los trabajadores\u201d. \u201cTenemos que estar todos juntos, sindicatos, organizaciones sociales, con mucha generosidad, sin sectarismos, porque lo que est\u00e1 enfrente es el Gobierno de Mauricio Macri y su intento de pasar por el Congreso de la Naci\u00f3n un Presupuesto que va a significar m\u00e1s ajuste para los trabajadores\u201d, expres\u00f3. Y agreg\u00f3: \u201cEso es lo que nos tiene que llevar a seguir resistiendo en la calle. Porque esto no empez\u00f3 hoy y no termina hoy\u201d.<\/p>\n<p>&nbsp;<\/p>\n<p>\u201cFue impresionante ver c\u00f3mo se sumaron compa\u00f1eros en la calle, a medida que pasaba la movilizaci\u00f3n, que fue rotunda, contundente\u201d, resalt\u00f3 y dijo que le provoc\u00f3 \u201cuna gran emoci\u00f3n porque hace much\u00edsimos a\u00f1os no logr\u00e1bamos una movilizaci\u00f3n semejante\u201d. Al respecto apunt\u00f3: \u201cCuando el compa\u00f1ero y la compa\u00f1era ven lo que est\u00e1 enfrente, sabe que el \u00fanico camino que nos queda es resistir en la calle\u201d.<\/p>\n<p>&nbsp;<\/p>\n<p>En relaci\u00f3n a la continuidad de la lucha, Pagani se\u00f1al\u00f3: \u201cEsto se va definiendo d\u00eda a d\u00eda, es muy din\u00e1mico. Ma\u00f1ana pondremos todo el esfuerzo para que sea un parazo nacional. Y para adelante seguiremos pensando estrategias de lucha\u201d.<\/p>\n<p>&nbsp;<\/p>\n<p>Tambi\u00e9n se refiri\u00f3 al reclamo salarial de Agmer al Gobierno provincial. \u201cNo estamos dispuestos a perder contra la inflaci\u00f3n. Queremos que se cumpla la palabra del Gobernador de que ning\u00fan trabajador va a perder respecto a la inflaci\u00f3n. Ese es el horizonte de m\u00ednima para nosotros\u201d, finaliz\u00f3.<\/p>\n","protected":false},"excerpt":{"rendered":"<p>Las organizaciones sindicales, sociales y pol\u00edticas confluyeron este lunes en una masiva movilizaci\u00f3n que parti\u00f3 desde las Cinco Esquinas y culmin\u00f3 en Casa de Gobierno donde se ley\u00f3 un documento contra el ajuste del gobierno nacional. El secretario general de ATE, Oscar Muntes, reclam\u00f3 a los gobernadores y legisladores que no acompa\u00f1en el presupuesto nacional &nbsp; &nbsp; &nbsp; &nbsp; Adem\u00e1s de los gremios nucleados en las tres CTA y la CGT, las organizaciones sociales y pol\u00edticas, participaron dirigentes opositores, legisladores nacionales y provinciales del FpV y ediles del PJ de&#8230;<\/p>\n","protected":false},"author":3,"featured_media":33582,"comment_status":"closed","ping_status":"closed","sticky":false,"template":"","format":"standard","meta":[],"categories":[9],"tags":[],"_links":{"self":[{"href":"https:\/\/www.actualidadadiario.com\/index.php\/wp-json\/wp\/v2\/posts\/33581"}],"collection":[{"href":"https:\/\/www.actualidadadiario.com\/index.php\/wp-json\/wp\/v2\/posts"}],"about":[{"href":"https:\/\/www.actualidadadiario.com\/index.php\/wp-json\/wp\/v2\/types\/post"}],"author":[{"embeddable":true,"href":"https:\/\/www.actualidadadiario.com\/index.php\/wp-json\/wp\/v2\/users\/3"}],"replies":[{"embeddable":true,"href":"https:\/\/www.actualidadadiario.com\/index.php\/wp-json\/wp\/v2\/comments?post=33581"}],"version-history":[{"count":1,"href":"https:\/\/www.actualidadadiario.com\/index.php\/wp-json\/wp\/v2\/posts\/33581\/revisions"}],"predecessor-version":[{"id":33583,"href":"https:\/\/www.actualidadadiario.com\/index.php\/wp-json\/wp\/v2\/posts\/33581\/revisions\/33583"}],"wp:featuredmedia":[{"embeddable":true,"href":"https:\/\/www.actualidadadiario.com\/index.php\/wp-json\/wp\/v2\/media\/33582"}],"wp:attachment":[{"href":"https:\/\/www.actualidadadiario.com\/index.php\/wp-json\/wp\/v2\/media?parent=33581"}],"wp:term":[{"taxonomy":"category","embeddable":true,"href":"https:\/\/www.actualidadadiario.com\/index.php\/wp-json\/wp\/v2\/categories?post=33581"},{"taxonomy":"post_tag","embeddable":true,"href":"https:\/\/www.actualidadadiario.com\/index.php\/wp-json\/wp\/v2\/tags?post=33581"}],"curies":[{"name":"wp","href":"https:\/\/api.w.org\/{rel}","templated":true}]}}