{"id":33578,"date":"2018-09-25T10:20:33","date_gmt":"2018-09-25T13:20:33","guid":{"rendered":"https:\/\/www.actualidadadiario.com\/?p=33578"},"modified":"2018-11-06T19:37:14","modified_gmt":"2018-11-06T22:37:14","slug":"no-hay-consenso-en-la-ucr-entre-rios-lacoste-tendria-contendiente","status":"publish","type":"post","link":"https:\/\/www.actualidadadiario.com\/index.php\/2018\/09\/25\/no-hay-consenso-en-la-ucr-entre-rios-lacoste-tendria-contendiente\/","title":{"rendered":"No hay consenso en la UCR Entre R\u00edos: Lacoste tendr\u00eda contendiente"},"content":{"rendered":"<p><em><strong>La interna de la UCR entr\u00f3 en una semana de definiciones. El jueves, a las 20, vence el plazo de presentaci\u00f3n de las listas de candidatos para renovar las autoridades del partido m\u00e1s importante de Cambiemos en Entre R\u00edos<\/strong><\/em><\/p>\n<p>&nbsp;<\/p>\n<p>&nbsp;<\/p>\n<p>&nbsp;<\/p>\n<p>Ese d\u00eda se sabr\u00e1 si es posible un acuerdo para una lista \u00fanica, o los afiliados a la UCR tendr\u00e1n que ir a votar el domingo 28 de octubre a fin de elegir a la conducci\u00f3n partidaria que se sentar\u00e1 a la mesa de Cambiemos en el proceso electoral provincial de 2019.<\/p>\n<p>&nbsp;<\/p>\n<p>En esta interna hay hasta ahora s\u00f3lo un candidato anotado para presidir la UCR de Entre R\u00edos: el diputado nacional Jorge Lacoste, que es impulsado por un grupo de dirigentes e intendentes, entre los que se destaca el de la capital provincial, Sergio Varisco, con quien viene de compartir un acto en la sede de la UCR, hasta ahora el \u00fanico de este proceso.<\/p>\n<p>&nbsp;<\/p>\n<p>&nbsp;<\/p>\n<p><strong>Rogel, Galimberti y Jaroslavsky, en el otro lado<\/strong><\/p>\n<p>Del otro lado de la interna, confluyen otro grupo de intendentes con las l\u00edneas internas que tienen como referentes al diputado nacional y precandidato a gobernador Atilio Benedetti; al exdiputado Fabi\u00e1n Rogel (que cuenta dentro de su grupo al actual presidente de la UCR, Pedro Galimberti, anotado tambi\u00e9n para la gobernaci\u00f3n); y la exdiputada Gracia Jaroslavsky, que ha sido en estos tres a\u00f1os una de las voces m\u00e1s cr\u00edticas hacia la sociedad pol\u00edtica que la UCR mantiene con el PRO en Cambiemos.<\/p>\n<p>&nbsp;<\/p>\n<p>Es en este \u00faltimo sector donde m\u00e1s se ha puesto el acento en la necesidad de evitar la interna. Por eso es que, a pesar de lo avanzado del cronograma electoral, no han lanzado un candidato.<\/p>\n<p>&nbsp;<\/p>\n<p>Pero la inconveniencia de afrontar un proceso interno de cargos partidarios, en medio de la peor crisis que ha afectado al gobierno de Cambiemos, es una idea que atraviesa al conjunto de la dirigencia radical entrerriana.<\/p>\n<p>&nbsp;<\/p>\n<p>Sin embargo, los tiempos se acotan y el acuerdo no llega. Por eso este martes el sector donde militan Benedetti, Rogel y Jaroslavsky se reunir\u00e1 en Paran\u00e1 para armar su lista. Esto no quiere decir que el 28 de octubre habr\u00e1 elecciones partidarias. El tel\u00e9fono seguir\u00e1 abierto para el acuerdo.<\/p>\n<p>&nbsp;<\/p>\n<p>&nbsp;<\/p>\n<p><strong>\u00bfQui\u00e9n ser\u00e1 el candidato de este sector? <\/strong><\/p>\n<p>Las opciones son dos: 1) Un intendente, entre los que se menciona a Dar\u00edo Schneider (Crespo), Rafael Cavagna (Nogoy\u00e1) y Alfredo Blochinger (Bovril); 2) Un dirigente de uno de los grupos internos: se menciona a Fuad Sosa y a Jaroslavsky; aunque tampoco se descarta que, llegado el caso, Galimberti busque su reelecci\u00f3n.<\/p>\n<p>&nbsp;<\/p>\n<p>En este frente interno aseguran que no hay disputas por el cargo y que en buena medida eso explica por qu\u00e9 a\u00fan no se ha lanzado un nombre. \u201cHay una actitud generosa, todos los esfuerzos se hacen pensando en la posibilidad de hacer una buena elecci\u00f3n y ser gobierno\u201d, afirm\u00f3 a P\u00e1gina Pol\u00edtica un dirigente de este espacio.<\/p>\n<p>&nbsp;<\/p>\n<p>&nbsp;<\/p>\n<p><strong>Nada de intendentes<\/strong><\/p>\n<p>El nombre de Schneider fue el primero en ganar consenso dentro de este sector. Pero las alternativas aparecieron luego de que, desde el sector de Varisco, se mostrar\u00e1n dispuestos a evaluar una opci\u00f3n a la de Lacoste, siempre que no se trate de un intendente.<\/p>\n<p>&nbsp;<\/p>\n<p>Es una discusi\u00f3n que se dio tambi\u00e9n en la anterior interna: el intendente, por sus responsabilidades de gesti\u00f3n, es el dirigente que m\u00e1s obligado se ve a morderse la lengua a la hora de efectuar un diagn\u00f3stico o cr\u00edtica pol\u00edtica. Pero, en esta coyuntura, se cree que puede haber de parte de Varisco algo m\u00e1s que una resistencia conceptual hacia quienes en julio lo desplazaron de la presidencia del Foro.<\/p>\n<p>&nbsp;<\/p>\n<p>Como ex intendente de Suace de Luna, Lacoste ha tenido en esta etapa un importante predicamento entre sus pares. De hecho, fue un\u00e1nime la propuesta de los jefes comunales de Cambiemos para impulsarlo como candidato a diputado nacional en 2017. Fue, claramente, el candidato de los intendentes en la pasada elecci\u00f3n legislativa.<\/p>\n<p>&nbsp;<\/p>\n<p>Pero ahora, para conducir la UCR, no ha podido revalidar ese t\u00edtulo. S\u00f3lo ha logrado reunir el aval de nueve de los 27 intendentes de la UCR.<\/p>\n","protected":false},"excerpt":{"rendered":"<p>La interna de la UCR entr\u00f3 en una semana de definiciones. El jueves, a las 20, vence el plazo de presentaci\u00f3n de las listas de candidatos para renovar las autoridades del partido m\u00e1s importante de Cambiemos en Entre R\u00edos &nbsp; &nbsp; &nbsp; Ese d\u00eda se sabr\u00e1 si es posible un acuerdo para una lista \u00fanica, o los afiliados a la UCR tendr\u00e1n que ir a votar el domingo 28 de octubre a fin de elegir a la conducci\u00f3n partidaria que se sentar\u00e1 a la mesa de Cambiemos en el proceso&#8230;<\/p>\n","protected":false},"author":3,"featured_media":33579,"comment_status":"closed","ping_status":"closed","sticky":false,"template":"","format":"standard","meta":[],"categories":[15],"tags":[],"_links":{"self":[{"href":"https:\/\/www.actualidadadiario.com\/index.php\/wp-json\/wp\/v2\/posts\/33578"}],"collection":[{"href":"https:\/\/www.actualidadadiario.com\/index.php\/wp-json\/wp\/v2\/posts"}],"about":[{"href":"https:\/\/www.actualidadadiario.com\/index.php\/wp-json\/wp\/v2\/types\/post"}],"author":[{"embeddable":true,"href":"https:\/\/www.actualidadadiario.com\/index.php\/wp-json\/wp\/v2\/users\/3"}],"replies":[{"embeddable":true,"href":"https:\/\/www.actualidadadiario.com\/index.php\/wp-json\/wp\/v2\/comments?post=33578"}],"version-history":[{"count":1,"href":"https:\/\/www.actualidadadiario.com\/index.php\/wp-json\/wp\/v2\/posts\/33578\/revisions"}],"predecessor-version":[{"id":33580,"href":"https:\/\/www.actualidadadiario.com\/index.php\/wp-json\/wp\/v2\/posts\/33578\/revisions\/33580"}],"wp:featuredmedia":[{"embeddable":true,"href":"https:\/\/www.actualidadadiario.com\/index.php\/wp-json\/wp\/v2\/media\/33579"}],"wp:attachment":[{"href":"https:\/\/www.actualidadadiario.com\/index.php\/wp-json\/wp\/v2\/media?parent=33578"}],"wp:term":[{"taxonomy":"category","embeddable":true,"href":"https:\/\/www.actualidadadiario.com\/index.php\/wp-json\/wp\/v2\/categories?post=33578"},{"taxonomy":"post_tag","embeddable":true,"href":"https:\/\/www.actualidadadiario.com\/index.php\/wp-json\/wp\/v2\/tags?post=33578"}],"curies":[{"name":"wp","href":"https:\/\/api.w.org\/{rel}","templated":true}]}}