{"id":33572,"date":"2018-09-25T10:19:08","date_gmt":"2018-09-25T13:19:08","guid":{"rendered":"https:\/\/www.actualidadadiario.com\/?p=33572"},"modified":"2018-11-06T19:37:14","modified_gmt":"2018-11-06T22:37:14","slug":"causa-del-melli-torrealday-quedo-mas-complicado","status":"publish","type":"post","link":"https:\/\/www.actualidadadiario.com\/index.php\/2018\/09\/25\/causa-del-melli-torrealday-quedo-mas-complicado\/","title":{"rendered":"Causa del Melli: Torrealday qued\u00f3 m\u00e1s complicado"},"content":{"rendered":"<p><em><strong>Una enfermera dej\u00f3 entrever que Miguel Alberto Torrealday fue quien ingres\u00f3 al Instituto Privado de Pediatr\u00eda con el mellizo var\u00f3n de Raquel Negro y Tucho Valenzuela, y lo se\u00f1al\u00f3 como jefe del servicio de neonatolog\u00eda de la cl\u00ednica. Esa revelaci\u00f3n comprometi\u00f3 la situaci\u00f3n del m\u00e9dico. El mi\u00e9rcoles ser\u00e1n los alegatos<\/strong><\/em><\/p>\n<p>&nbsp;<\/p>\n<p>&nbsp;<\/p>\n<p>&nbsp;<\/p>\n<p>La pas\u00f3 mal el m\u00e9dico Miguel Alberto Torrealday en el cierre de las audiencias testimoniales del juicio que lo tiene como acusado de integrar la cadena de sustracci\u00f3n y apropiaci\u00f3n de los mellizos de Raquel Negro y Tucho Valenzuela.<\/p>\n<p>&nbsp;<\/p>\n<p>\u201cTorrealday fue quien entr\u00f3 con el ni\u00f1o\u201d, dijo Imelda Rosa Princic, una enfermera que trabaj\u00f3 en el Instituto Privado de Pediatr\u00eda (IPP). \u201cEra como el jefe de neonatolog\u00eda, era quien entraba siempre para saber si hac\u00eda falta algo, era el que m\u00e1s estaba\u201d, acot\u00f3.<\/p>\n<p>&nbsp;<\/p>\n<p>El \u201cni\u00f1o\u201d ser\u00eda el mellizo var\u00f3n de Raquel Negro y Tucho Valenzuela, registrado como NN en el libro de ingresos y egresos de la cl\u00ednica privada, nacido en el Hospital Militar de Paran\u00e1 e ingresado el 10 de marzo de 1978. El dato, revelador por cierto, se suma al descubrimiento de que otra enfermera, Marta Ofelia G\u00f3mez, fue quien hizo esa registraci\u00f3n, algo que ella misma neg\u00f3 en el juicio.<\/p>\n<p>&nbsp;<\/p>\n<p>El testimonio de la enfermera complic\u00f3 la situaci\u00f3n de Torrealday, se\u00f1alado por sus socios y dem\u00e1s personal como el jefe del servicio de neonatolog\u00eda del instituto privado, que hab\u00eda comenzado a funcionar unos meses antes, o al menos como la persona con mayor preeminencia en la toma de decisiones por su formaci\u00f3n. No obstante, no exime de responsabilidad a los m\u00e9dicos David Vainstub y Jorge Eduardo Rossi, tambi\u00e9n imputados.<\/p>\n<p>&nbsp;<\/p>\n<p>La enfermera Princic sostuvo que \u201cno se pod\u00eda preguntar mucho, ni informaban tampoco\u201d, pero record\u00f3 que el beb\u00e9 \u201cno ten\u00eda nombre, y cuando un beb\u00e9 no ten\u00eda nombre se le pon\u00eda \u2018NN\u2019 para que tuviera una historia cl\u00ednica\u201d y apunt\u00f3 que \u201ca cada ni\u00f1o se le pon\u00eda una tarjeta con su nombre en la incubadora\u201d, que en este caso, seg\u00fan han referido otras enfermeras, estaba consignado como NN.<\/p>\n<p>&nbsp;<\/p>\n<p>Tambi\u00e9n record\u00f3 la enfermera que \u201cel beb\u00e9 estuvo unos d\u00edas\u201d internado porque \u201cten\u00eda un poquito de insuficiencia respiratoria, algo normal en los ni\u00f1os reci\u00e9n nacidos\u201d, y asegur\u00f3 que no estaba de turno cuando le dieron el alta, algo que seg\u00fan los registros del instituto se produjo el 27 de marzo.<\/p>\n<p>&nbsp;<\/p>\n<p>&nbsp;<\/p>\n<p><strong>Una \u201cbanalidad\u201d<\/strong><\/p>\n<p>Tambi\u00e9n generaba expectativa el testimonio de la pediatra Amelia Niveyro, que hab\u00eda sido mencionada por la enfermera Stella Maris Cuatr\u00edn, porque hace un par de a\u00f1os le pregunt\u00f3 por el rumbo de la causa y le hizo una sugestiva manifestaci\u00f3n: \u201cPara qu\u00e9 lo buscaban si el chico est\u00e1 bien y es un profesional\u201d, dijo Cuatr\u00edn que le hab\u00eda dicho Niveyro.<\/p>\n<p>&nbsp;<\/p>\n<p>Sin embargo, la m\u00e9dica relativiz\u00f3 aquella conversaci\u00f3n.<\/p>\n<p>&nbsp;<\/p>\n<p>\u201cEse di\u00e1logo est\u00e1 descontextualizado porque fue absolutamente casual, no buscado. Yo no sab\u00eda si ella hab\u00eda declarado o si ten\u00eda que declarar, y realmente no le di trascendencia a esa conversaci\u00f3n. Lo que s\u00ed quiero decir es que fue m\u00e1s bien una expresi\u00f3n de deseo\u201d, intent\u00f3 explicar la profesional en su declaraci\u00f3n judicial. \u201cMi comentario fue banal y, quiz\u00e1, imprudente. Pido disculpas por las falsas expectativas que pude haber creado\u201d, agreg\u00f3 seg\u00fan public\u00f3 P\u00e1gina Judicial<\/p>\n<p>&nbsp;<\/p>\n<p>Su testimonio, sin embargo, no descarta la hip\u00f3tesis deslizada por la enfermera Cuatr\u00edn y que apunta hacia la provincia de C\u00f3rdoba.<\/p>\n","protected":false},"excerpt":{"rendered":"<p>Una enfermera dej\u00f3 entrever que Miguel Alberto Torrealday fue quien ingres\u00f3 al Instituto Privado de Pediatr\u00eda con el mellizo var\u00f3n de Raquel Negro y Tucho Valenzuela, y lo se\u00f1al\u00f3 como jefe del servicio de neonatolog\u00eda de la cl\u00ednica. Esa revelaci\u00f3n comprometi\u00f3 la situaci\u00f3n del m\u00e9dico. El mi\u00e9rcoles ser\u00e1n los alegatos &nbsp; &nbsp; &nbsp; La pas\u00f3 mal el m\u00e9dico Miguel Alberto Torrealday en el cierre de las audiencias testimoniales del juicio que lo tiene como acusado de integrar la cadena de sustracci\u00f3n y apropiaci\u00f3n de los mellizos de Raquel Negro y&#8230;<\/p>\n","protected":false},"author":3,"featured_media":33573,"comment_status":"closed","ping_status":"closed","sticky":false,"template":"","format":"standard","meta":[],"categories":[15],"tags":[],"_links":{"self":[{"href":"https:\/\/www.actualidadadiario.com\/index.php\/wp-json\/wp\/v2\/posts\/33572"}],"collection":[{"href":"https:\/\/www.actualidadadiario.com\/index.php\/wp-json\/wp\/v2\/posts"}],"about":[{"href":"https:\/\/www.actualidadadiario.com\/index.php\/wp-json\/wp\/v2\/types\/post"}],"author":[{"embeddable":true,"href":"https:\/\/www.actualidadadiario.com\/index.php\/wp-json\/wp\/v2\/users\/3"}],"replies":[{"embeddable":true,"href":"https:\/\/www.actualidadadiario.com\/index.php\/wp-json\/wp\/v2\/comments?post=33572"}],"version-history":[{"count":1,"href":"https:\/\/www.actualidadadiario.com\/index.php\/wp-json\/wp\/v2\/posts\/33572\/revisions"}],"predecessor-version":[{"id":33574,"href":"https:\/\/www.actualidadadiario.com\/index.php\/wp-json\/wp\/v2\/posts\/33572\/revisions\/33574"}],"wp:featuredmedia":[{"embeddable":true,"href":"https:\/\/www.actualidadadiario.com\/index.php\/wp-json\/wp\/v2\/media\/33573"}],"wp:attachment":[{"href":"https:\/\/www.actualidadadiario.com\/index.php\/wp-json\/wp\/v2\/media?parent=33572"}],"wp:term":[{"taxonomy":"category","embeddable":true,"href":"https:\/\/www.actualidadadiario.com\/index.php\/wp-json\/wp\/v2\/categories?post=33572"},{"taxonomy":"post_tag","embeddable":true,"href":"https:\/\/www.actualidadadiario.com\/index.php\/wp-json\/wp\/v2\/tags?post=33572"}],"curies":[{"name":"wp","href":"https:\/\/api.w.org\/{rel}","templated":true}]}}