{"id":33569,"date":"2018-09-25T10:18:31","date_gmt":"2018-09-25T13:18:31","guid":{"rendered":"https:\/\/www.actualidadadiario.com\/?p=33569"},"modified":"2018-11-06T19:37:14","modified_gmt":"2018-11-06T22:37:14","slug":"bordet-ratifico-la-decision-de-exceptuar-del-pago-de-ingresos-brutos-al-sector-primario-e-industrial","status":"publish","type":"post","link":"https:\/\/www.actualidadadiario.com\/index.php\/2018\/09\/25\/bordet-ratifico-la-decision-de-exceptuar-del-pago-de-ingresos-brutos-al-sector-primario-e-industrial\/","title":{"rendered":"Bordet ratific\u00f3 la decisi\u00f3n de exceptuar del pago de Ingresos Brutos al sector primario e industrial"},"content":{"rendered":"<p><em><strong>\u201cEl 93% de los productores entrerrianos no est\u00e1 pagando Ingresos Brutos y en 2020 el beneficio se extender\u00e1 a todos\u201d, destac\u00f3 el gobernador Gustavo Bordet al reunirse en la Bolsa de Cereales con la Mesa de Enlace, la C\u00e1mara Arbitral de Cereales, la Asociaci\u00f3n de Cooperativas, y otras entidades<\/strong><\/em><\/p>\n<p>&nbsp;<\/p>\n<p>&nbsp;<\/p>\n<p>&nbsp;<\/p>\n<p>&nbsp;<\/p>\n<p>&nbsp;<\/p>\n<p>\u201cEst\u00e1 en nuestro esp\u00edritu lograr soluciones para que podamos avanzar. M\u00e1s all\u00e1 del esfuerzo fiscal que estamos dispuestos a hacer, porque esto significa p\u00e9rdida de recursos, entendemos que es un incentivo a los sectores productivos e industriales para que puedan mejorar la competitividad en cuanto a la menor estructura del costo impositivo y sostenimiento de la actividad econ\u00f3mica y el empleo\u201d, afirm\u00f3 el gobernador.<\/p>\n<p>&nbsp;<\/p>\n<p>Acompa\u00f1ado por el ministro de Econom\u00eda, Hugo Ballay; la titular de la Direcci\u00f3n Provincial de Vialidad, Alicia Ben\u00edtez; el secretario de Producci\u00f3n, \u00c1lvaro Gab\u00e1s; y el secretario de Obras, Juan Arias, el gobernador hizo referencia a la una baja gradual de la presi\u00f3n tributaria provincial, destacando que la \u201creducci\u00f3n que est\u00e1 contemplada en 2020 de ingresos brutos ser\u00e1 a tasa cero. Esto comprende tanto al sector primario como a la industria\u201d, inform\u00f3 el gobernador a los representantes del sector agropecuario en el encuentro de este lunes por la tarde.<\/p>\n<p>&nbsp;<\/p>\n<p>\u201cAl habernos puesto de acuerdo entre todas las provincias en 2020 todo el pa\u00eds va a tener las mismas tasas. En caso de la actividad primaria y en la industria va a ser tasa cero de ingresos brutos, con lo cual se eliminan la suerte de barreras interiores de una provincia a otra, que iban generando inequidades que desfavorec\u00edan las inversiones\u201d, dijo Bordet.<\/p>\n<p>&nbsp;<\/p>\n<p>Sobre el impuesto inmobiliario rural se comprometi\u00f3 a rever la situaci\u00f3n de los productores que fueron afectados por la emergencia y les fue prorrogado el pago del tributo.<\/p>\n<p>&nbsp;<\/p>\n<p>Subray\u00f3: \u201cNunca dimos un aumento de manera unilateral, aplicando un porcentaje de actualizaci\u00f3n para el Impuesto Inmobiliario Rural. Siempre lo debatimos y lo consensuamos porque lo que nos interesa es que se pueda sostener la actividad. Y para nosotros, el Inmobiliario Rural que es un Impuesto que tiene la mayor parte afectada a caminos rurales, es clave para poder desarrollar un plan del programa vial en la provincia\u201d.<\/p>\n<p>&nbsp;<\/p>\n<p>Durante el encuentro el gobernador se comprometi\u00f3 a gestionar una reuni\u00f3n con autoridades del Banco de Entre R\u00edos (Bersa) para analizar posibles l\u00edneas de financiamiento. Adem\u00e1s, trabajaron temas relacionados el medioambiente en la provincia; la infraestructura; los caminos y el desarrollo energ\u00e9tico.<\/p>\n<p>&nbsp;<\/p>\n<p>&nbsp;<\/p>\n<p><strong>Balance positivo<\/strong><\/p>\n<p>El presidente de la Bolsa de Cereales de Entre R\u00edos, N\u00e9stor Domingo Luciani, realiz\u00f3 un balance &#8220;muy positivo&#8221; de la reuni\u00f3n con el gobernador. &#8220;Vinieron representantes de todas las entidades ligadas al agro, y se discutieron tres temas fundamentales que hacen al desarrollo de la provincia: el impositivo, el medioambiental y el de infraestructura&#8221;, inform\u00f3.<\/p>\n<p>&nbsp;<\/p>\n<p>Sobre el tema de infraestructura, el ingeniero agr\u00f3nomo destac\u00f3: &#8220;Estamos bregando para que los caminos mejoren y podamos sacar la producci\u00f3n, porque va a ser muy importante la pr\u00f3xima campa\u00f1a&#8221;.<\/p>\n<p>&nbsp;<\/p>\n<p>&#8220;En el tema impositivo se le hizo un planteo muy atinado, vamos a tener una respuesta muy pronto, y en el tema medioambiental vamos a ver de qu\u00e9 manera el Estado va a controlar las buenas pr\u00e1cticas. Le pedimos al gobernador que el Estado participe&#8221;, precis\u00f3.<\/p>\n<p>&nbsp;<\/p>\n<p>&#8220;Con el gobernador acordamos tener en noviembre este mismo tipo de reuni\u00f3n, para ver los resultados y el avance en cada uno de los temas. No debemos dejar pasar el tiempo y seguir trabajando para lograr los objetivos que nos hemos impuesto&#8221;, comunic\u00f3 Luciani. &#8220;Desde el sector privado debemos seguir dialogando con el estatal porque es la \u00fanica forma de avanzar en este pa\u00eds&#8221;, resumi\u00f3.<\/p>\n<p>&nbsp;<\/p>\n<p>Por su parte, el titular de Fedeco, Daniel Kindebaluc, tambi\u00e9n valor\u00f3 como \u201cpositivo\u201d el encuentro. \u201cHace tiempo que est\u00e1bamos esperando tener la posibilidad de conversar con \u00e9l todos estos temas&#8221;, asegur\u00f3, por lo cual celebr\u00f3 que continuar\u00e1n trabajando los diferentes temas abordados con los referentes de las distintas \u00e1reas.<\/p>\n<p>&nbsp;<\/p>\n<p>En tanto, el nuevo vicepresidente de la Federaci\u00f3n Agraria Argentina, Elvio Gu\u00eda, indic\u00f3: &#8220;Era una reuni\u00f3n pendiente que ten\u00edamos, donde se plantearon todos los temas y el gobernador se comprometi\u00f3 a comenzar a solucionar algunos de ellos, desde impuestos hasta buenas pr\u00e1cticas agr\u00edcolas, como por ejemplo lo que concierne a los agroqu\u00edmicos. Hemos planteado perfectamente los temas, fue una reuni\u00f3n muy provechosa&#8221;.<\/p>\n<p>&nbsp;<\/p>\n<p>&nbsp;<\/p>\n<p><strong>Presencias<\/strong><\/p>\n<p>Adem\u00e1s fueron parte del encuentro el presidente de la Bolsa de Cereales de Entre R\u00edos, N\u00e9stor Luciani; el tesorero, Eduardo Gherardi; el secretario, Daniel Rabey; el prosecretario, Oscar Vicente; y el gerente y coordinador, Miguel A. Pacheco.<\/p>\n<p>&nbsp;<\/p>\n<p>Por parte de la C\u00e1mara Arbitral de Cereales de Entre R\u00edos, su presidente Pablo Tribulo y el tesorero, Alfredo Bertellotti.<\/p>\n<p>&nbsp;<\/p>\n<p>En tanto que de las entidades agropecuarias estuvieron el presidente de la Federaci\u00f3n Entrerriana de Cooperativas (Fedeco), Daniel, y el vicepresidente, Gonzalo \u00c1lvarez Maldonado. El presidente y vicepresidente de la Federaci\u00f3n de Asociaciones Rurales de Entre R\u00edos (Farer), Ra\u00fal Boc Hoc y Claudio \u00c1lvarez Daneri, respectivamente.<\/p>\n<p>&nbsp;<\/p>\n<p>Concurrieron a su vez los representantes en Entre R\u00edos de la Sociedad Rural, Juan Diego Etchevehere y Mauricio Sordoli; el vicepresidente de la Federaci\u00f3n Agraria Argentina, Elvio Guia, y los representantes en Entre R\u00edos Alfredo Bell y Mat\u00edas Martiarena.<\/p>\n<p>&nbsp;<\/p>\n<p>Participaron tambi\u00e9n, por el Centro de Acopiadores de Granos de Entre R\u00edos, el presidente Martin Beglinomini y el director, H\u00e9ctor Bolz\u00e1n. El presidente y el gerente de Cooperativas Agropecuarias Federadas de Entre R\u00edos, Juan Balbi, y Diego Camu\u00f1as; y por parte de la Asociaci\u00f3n de Cooperativas Argentinas, el gerente de la Delegaci\u00f3n Paran\u00e1, Rodolfo Gross y el consejero, Fabian Leichner.<\/p>\n","protected":false},"excerpt":{"rendered":"<p>\u201cEl 93% de los productores entrerrianos no est\u00e1 pagando Ingresos Brutos y en 2020 el beneficio se extender\u00e1 a todos\u201d, destac\u00f3 el gobernador Gustavo Bordet al reunirse en la Bolsa de Cereales con la Mesa de Enlace, la C\u00e1mara Arbitral de Cereales, la Asociaci\u00f3n de Cooperativas, y otras entidades &nbsp; &nbsp; &nbsp; &nbsp; &nbsp; \u201cEst\u00e1 en nuestro esp\u00edritu lograr soluciones para que podamos avanzar. M\u00e1s all\u00e1 del esfuerzo fiscal que estamos dispuestos a hacer, porque esto significa p\u00e9rdida de recursos, entendemos que es un incentivo a los sectores productivos e&#8230;<\/p>\n","protected":false},"author":3,"featured_media":33570,"comment_status":"closed","ping_status":"closed","sticky":false,"template":"","format":"standard","meta":[],"categories":[15],"tags":[],"_links":{"self":[{"href":"https:\/\/www.actualidadadiario.com\/index.php\/wp-json\/wp\/v2\/posts\/33569"}],"collection":[{"href":"https:\/\/www.actualidadadiario.com\/index.php\/wp-json\/wp\/v2\/posts"}],"about":[{"href":"https:\/\/www.actualidadadiario.com\/index.php\/wp-json\/wp\/v2\/types\/post"}],"author":[{"embeddable":true,"href":"https:\/\/www.actualidadadiario.com\/index.php\/wp-json\/wp\/v2\/users\/3"}],"replies":[{"embeddable":true,"href":"https:\/\/www.actualidadadiario.com\/index.php\/wp-json\/wp\/v2\/comments?post=33569"}],"version-history":[{"count":1,"href":"https:\/\/www.actualidadadiario.com\/index.php\/wp-json\/wp\/v2\/posts\/33569\/revisions"}],"predecessor-version":[{"id":33571,"href":"https:\/\/www.actualidadadiario.com\/index.php\/wp-json\/wp\/v2\/posts\/33569\/revisions\/33571"}],"wp:featuredmedia":[{"embeddable":true,"href":"https:\/\/www.actualidadadiario.com\/index.php\/wp-json\/wp\/v2\/media\/33570"}],"wp:attachment":[{"href":"https:\/\/www.actualidadadiario.com\/index.php\/wp-json\/wp\/v2\/media?parent=33569"}],"wp:term":[{"taxonomy":"category","embeddable":true,"href":"https:\/\/www.actualidadadiario.com\/index.php\/wp-json\/wp\/v2\/categories?post=33569"},{"taxonomy":"post_tag","embeddable":true,"href":"https:\/\/www.actualidadadiario.com\/index.php\/wp-json\/wp\/v2\/tags?post=33569"}],"curies":[{"name":"wp","href":"https:\/\/api.w.org\/{rel}","templated":true}]}}