{"id":33554,"date":"2018-09-24T11:01:31","date_gmt":"2018-09-24T14:01:31","guid":{"rendered":"https:\/\/www.actualidadadiario.com\/?p=33554"},"modified":"2018-11-06T19:37:14","modified_gmt":"2018-11-06T22:37:14","slug":"francisco-nunca-mas-seguir-los-cantos-de-sirena-de-la-ideologia-nazi","status":"publish","type":"post","link":"https:\/\/www.actualidadadiario.com\/index.php\/2018\/09\/24\/francisco-nunca-mas-seguir-los-cantos-de-sirena-de-la-ideologia-nazi\/","title":{"rendered":"Francisco: &#8220;Nunca m\u00e1s seguir los cantos de sirena de la ideolog\u00eda nazi&#8221;"},"content":{"rendered":"<p><em><strong>Lo dijo en el 75 aniversario de la destrucci\u00f3n del Gueto de Vilnius<\/strong><\/em><\/p>\n<p>&nbsp;<\/p>\n<p>&nbsp;<\/p>\n<p>&nbsp;<\/p>\n<p>El Papa record\u00f3 los 75 a\u00f1os de la destrucci\u00f3n del Gueto de Vilnius, en Lituania, pidi\u00f3 hacer &#8220;memoria&#8221; para evitar los &#8220;cantos de sirena&#8221; del nazismo durante el Angelus. &#8220;Hace setenta y cinco a\u00f1os, esta naci\u00f3n asist\u00eda a la definitiva destrucci\u00f3n del Gueto de Vilnius, as\u00ed terminaba la aniquilaci\u00f3n de miles de jud\u00edos que hab\u00eda comenzado dos a\u00f1os antes&#8221;, dijo Francisco en Kaunas, a 100 kil\u00f3metros de la capital lituana.<\/p>\n<p>&nbsp;<\/p>\n<p>&#8220;Hagamos memoria de esos tiempos, y pidamos al Se\u00f1or que no haga el regalo del discernimiento para descubrir a tiempo cualquier nuevo germen de esa postura perniciosa, de cualquier aire que atrofie el coraz\u00f3n de las generaciones que no han experimentado y que podr\u00edan correr detr\u00e1s de cantos de sirenas&#8221;, destac\u00f3. &#8220;Un pensamiento especial reservo en estos d\u00edas a la comunidad jud\u00eda&#8221;, dijo el Papa.<\/p>\n<p>&nbsp;<\/p>\n<p>&#8220;Que el Alt\u00edsimo bendiga el di\u00e1logo y el compromiso com\u00fan para la justicia y la paz&#8221;, a\u00f1adi\u00f3. &#8220;Ac\u00e1 en Lituania hay una colina de las cruces, donde miles de personas, a lo largo de los siglos han plantado la se\u00f1al de la cruz&#8221;, expres\u00f3<\/p>\n<p>&nbsp;<\/p>\n<p>Y continu\u00f3: &#8221; Los invito, mientras rezamos el Angelus, a pedir a Mar\u00eda que nos ayude a plantar la cruz de nuestro servicio, de nuestra dedicaci\u00f3n ah\u00ed donde necesitan de nosotros, sobre la colina donde viven los \u00faltimos, donde se requiere la delicada atenci\u00f3n a los excluidos, a las minor\u00edas, para alejar de nuestros ambientes y de nuestras culturas la posibilidad de aniquilar al otro, de marginar, de seguir descartando a quien da fastidio y molesta nuestra comodidad&#8221;, dijo el Papa.<\/p>\n","protected":false},"excerpt":{"rendered":"<p>Lo dijo en el 75 aniversario de la destrucci\u00f3n del Gueto de Vilnius &nbsp; &nbsp; &nbsp; El Papa record\u00f3 los 75 a\u00f1os de la destrucci\u00f3n del Gueto de Vilnius, en Lituania, pidi\u00f3 hacer &#8220;memoria&#8221; para evitar los &#8220;cantos de sirena&#8221; del nazismo durante el Angelus. &#8220;Hace setenta y cinco a\u00f1os, esta naci\u00f3n asist\u00eda a la definitiva destrucci\u00f3n del Gueto de Vilnius, as\u00ed terminaba la aniquilaci\u00f3n de miles de jud\u00edos que hab\u00eda comenzado dos a\u00f1os antes&#8221;, dijo Francisco en Kaunas, a 100 kil\u00f3metros de la capital lituana. &nbsp; &#8220;Hagamos memoria de&#8230;<\/p>\n","protected":false},"author":3,"featured_media":33555,"comment_status":"closed","ping_status":"closed","sticky":false,"template":"","format":"standard","meta":[],"categories":[4],"tags":[],"_links":{"self":[{"href":"https:\/\/www.actualidadadiario.com\/index.php\/wp-json\/wp\/v2\/posts\/33554"}],"collection":[{"href":"https:\/\/www.actualidadadiario.com\/index.php\/wp-json\/wp\/v2\/posts"}],"about":[{"href":"https:\/\/www.actualidadadiario.com\/index.php\/wp-json\/wp\/v2\/types\/post"}],"author":[{"embeddable":true,"href":"https:\/\/www.actualidadadiario.com\/index.php\/wp-json\/wp\/v2\/users\/3"}],"replies":[{"embeddable":true,"href":"https:\/\/www.actualidadadiario.com\/index.php\/wp-json\/wp\/v2\/comments?post=33554"}],"version-history":[{"count":1,"href":"https:\/\/www.actualidadadiario.com\/index.php\/wp-json\/wp\/v2\/posts\/33554\/revisions"}],"predecessor-version":[{"id":33556,"href":"https:\/\/www.actualidadadiario.com\/index.php\/wp-json\/wp\/v2\/posts\/33554\/revisions\/33556"}],"wp:featuredmedia":[{"embeddable":true,"href":"https:\/\/www.actualidadadiario.com\/index.php\/wp-json\/wp\/v2\/media\/33555"}],"wp:attachment":[{"href":"https:\/\/www.actualidadadiario.com\/index.php\/wp-json\/wp\/v2\/media?parent=33554"}],"wp:term":[{"taxonomy":"category","embeddable":true,"href":"https:\/\/www.actualidadadiario.com\/index.php\/wp-json\/wp\/v2\/categories?post=33554"},{"taxonomy":"post_tag","embeddable":true,"href":"https:\/\/www.actualidadadiario.com\/index.php\/wp-json\/wp\/v2\/tags?post=33554"}],"curies":[{"name":"wp","href":"https:\/\/api.w.org\/{rel}","templated":true}]}}