{"id":33545,"date":"2018-09-24T10:59:16","date_gmt":"2018-09-24T13:59:16","guid":{"rendered":"https:\/\/www.actualidadadiario.com\/?p=33545"},"modified":"2018-11-06T19:37:15","modified_gmt":"2018-11-06T22:37:15","slug":"en-la-previa-del-paro-los-gremios-marchan-contra-el-gobierno-de-macri","status":"publish","type":"post","link":"https:\/\/www.actualidadadiario.com\/index.php\/2018\/09\/24\/en-la-previa-del-paro-los-gremios-marchan-contra-el-gobierno-de-macri\/","title":{"rendered":"En la previa del paro, los gremios marchan contra el gobierno de Macri"},"content":{"rendered":"<p><em><strong>El l\u00edder Camioneros, Pablo Moyano, asegur\u00f3 que &#8220;ser\u00e1 uno de los m\u00e1s grandes de los \u00faltimos a\u00f1os&#8221;. Ser\u00e1 la cuarta huelga que se realice contra la actual administraci\u00f3n<\/strong><\/em><\/p>\n<p>&nbsp;<\/p>\n<p>&nbsp;<\/p>\n<p>&nbsp;<\/p>\n<p>&nbsp;<\/p>\n<p>El paro nacional convocado para ma\u00f1ana comenzar\u00e1 a sentirse con fuerza desde hoy al mediod\u00eda, cuando los gremios afiliados a las CTA y al Frente Sindical para el Modelo Nacional, que re\u00fane a los sindicatos de extracci\u00f3n m\u00e1s combativa de la CGT y a Camioneros, cesen sus actividades desde las 12 para movilizarse a Plaza de Mayo en compa\u00f1\u00eda de los principales movimientos sociales.<\/p>\n<p>&nbsp;<\/p>\n<p>La convocatoria de esta tarde es el \u00fanico acto programado para rechazar el rumbo econ\u00f3mico adoptado por el Gobierno y exigir un giro copernicano sobre el Presupuesto 2019, que el sindicalismo insiste en catalogar como el &#8220;instrumento del ajuste&#8221; acordado con el Fondo Monetario Internacional (FMI) a cambio de las divisas que la administraci\u00f3n Macri necesita para cubrir el &#8220;programa financiero&#8221; del pr\u00f3ximo a\u00f1o. El triunvirato de la CGT, habi\u00e9ndose asegurado la adhesi\u00f3n de los choferes de la Uni\u00f3n Tranviarios Automor, opt\u00f3 por concretar un parate de actividades pero sin convocar a movilizaci\u00f3n.<\/p>\n<p>&nbsp;<\/p>\n<p>En la antesala de la cuarta huelga general contra el macrismo, Pablo Moyano advirti\u00f3 que el 25-S ser\u00e1 &#8220;uno de los m\u00e1s grandes de los \u00faltimos a\u00f1os&#8221;. En conferencia de prensa conjunta con los l\u00edderes de la CTA, Hugo Yasky, y la CTAA, Pablo Micheli, el secretario general adjunto de Camioneros, que renunci\u00f3 tiempo atr\u00e1s a la secretar\u00eda gremial de la central obrera de Azopardo, fustig\u00f3 el apoyo que ciertos gobernadores que ya se mostraron dispuestos ante la Casa Rosada a acompa\u00f1ar el proyecto oficial de Presupuesto 2019.<\/p>\n<p>&nbsp;<\/p>\n<p>&#8220;Rechacen esto porque nos va a traer m\u00e1s hambre, m\u00e1s ajuste, m\u00e1s represi\u00f3n y m\u00e1s flexibilizaci\u00f3n laboral&#8221;, les transmiti\u00f3 Moyano, augurando una eventual ola de despidos en las administraciones provinciales y municipales.<\/p>\n<p>&nbsp;<\/p>\n<p>Yasky, por su parte, carg\u00f3 contra el Gobierno vali\u00e9ndose del 9,6% de desempleo informado por el Indec y los altos niveles de subocupaci\u00f3n. El docente advirti\u00f3 que &#8220;m\u00e1s de dos millones de argentinos viven con hambre&#8221; y evalu\u00f3 que el proyecto de Presupuesto solamente &#8220;va a empeorar las cosas&#8221;.<\/p>\n<p>&nbsp;<\/p>\n<p>Pablo Micheli, en tanto, hizo un llamamiento a los trabajadores a movilizarse este lunes a Plaza de Mayo para demostrar &#8220;un rechazo tajante a este modelo econ\u00f3mico&#8221;, al tiempo que reclam\u00f3 aumentos de salarios y jubilaciones por encima de la inflaci\u00f3n de este a\u00f1o.<\/p>\n<p>&nbsp;<\/p>\n<p>Desde el mediod\u00eda, el centro porte\u00f1o se ver\u00e1 convulsionado por la movilizaci\u00f3n de los diversos frentes que acompa\u00f1ar\u00e1n la protesta frente a Casa de Gobierno, entre los que se cuentan el Frente Productivo Nacional, el Frente por el Trabajo y la Dignidad Milagro Sala, la Confederaci\u00f3n de Trabajadores de la Econom\u00eda Popular (CTEP) y el Frente Barrial de la CTA. Desde las 20, las seis l\u00edneas del Subte y el Premetro interrumpir\u00e1n su servicio, que se reanudar\u00e1 reci\u00e9n el mi\u00e9rcoles.<\/p>\n<p>&nbsp;<\/p>\n<p>Luego de un a\u00f1o y cuatro meses de gesti\u00f3n sin recibir huelgas, los tres paros anteriores contra Macri se dieron en el \u00faltimo a\u00f1o y medio. El primero, fue el 6 de abril de 2017, el segundo el 18 de diciembre de ese a\u00f1o y el tercero, durante 2018, el \u00faltimo 25 de junio.<\/p>\n","protected":false},"excerpt":{"rendered":"<p>El l\u00edder Camioneros, Pablo Moyano, asegur\u00f3 que &#8220;ser\u00e1 uno de los m\u00e1s grandes de los \u00faltimos a\u00f1os&#8221;. Ser\u00e1 la cuarta huelga que se realice contra la actual administraci\u00f3n &nbsp; &nbsp; &nbsp; &nbsp; El paro nacional convocado para ma\u00f1ana comenzar\u00e1 a sentirse con fuerza desde hoy al mediod\u00eda, cuando los gremios afiliados a las CTA y al Frente Sindical para el Modelo Nacional, que re\u00fane a los sindicatos de extracci\u00f3n m\u00e1s combativa de la CGT y a Camioneros, cesen sus actividades desde las 12 para movilizarse a Plaza de Mayo en&#8230;<\/p>\n","protected":false},"author":3,"featured_media":33546,"comment_status":"closed","ping_status":"closed","sticky":false,"template":"","format":"standard","meta":[],"categories":[18],"tags":[],"_links":{"self":[{"href":"https:\/\/www.actualidadadiario.com\/index.php\/wp-json\/wp\/v2\/posts\/33545"}],"collection":[{"href":"https:\/\/www.actualidadadiario.com\/index.php\/wp-json\/wp\/v2\/posts"}],"about":[{"href":"https:\/\/www.actualidadadiario.com\/index.php\/wp-json\/wp\/v2\/types\/post"}],"author":[{"embeddable":true,"href":"https:\/\/www.actualidadadiario.com\/index.php\/wp-json\/wp\/v2\/users\/3"}],"replies":[{"embeddable":true,"href":"https:\/\/www.actualidadadiario.com\/index.php\/wp-json\/wp\/v2\/comments?post=33545"}],"version-history":[{"count":1,"href":"https:\/\/www.actualidadadiario.com\/index.php\/wp-json\/wp\/v2\/posts\/33545\/revisions"}],"predecessor-version":[{"id":33547,"href":"https:\/\/www.actualidadadiario.com\/index.php\/wp-json\/wp\/v2\/posts\/33545\/revisions\/33547"}],"wp:featuredmedia":[{"embeddable":true,"href":"https:\/\/www.actualidadadiario.com\/index.php\/wp-json\/wp\/v2\/media\/33546"}],"wp:attachment":[{"href":"https:\/\/www.actualidadadiario.com\/index.php\/wp-json\/wp\/v2\/media?parent=33545"}],"wp:term":[{"taxonomy":"category","embeddable":true,"href":"https:\/\/www.actualidadadiario.com\/index.php\/wp-json\/wp\/v2\/categories?post=33545"},{"taxonomy":"post_tag","embeddable":true,"href":"https:\/\/www.actualidadadiario.com\/index.php\/wp-json\/wp\/v2\/tags?post=33545"}],"curies":[{"name":"wp","href":"https:\/\/api.w.org\/{rel}","templated":true}]}}