{"id":33539,"date":"2018-09-24T10:57:59","date_gmt":"2018-09-24T13:57:59","guid":{"rendered":"https:\/\/www.actualidadadiario.com\/?p=33539"},"modified":"2018-11-06T19:37:15","modified_gmt":"2018-11-06T22:37:15","slug":"carrio-presidira-la-bicameral-que-controla-a-la-procuracion-general","status":"publish","type":"post","link":"https:\/\/www.actualidadadiario.com\/index.php\/2018\/09\/24\/carrio-presidira-la-bicameral-que-controla-a-la-procuracion-general\/","title":{"rendered":"Carri\u00f3 presidir\u00e1 la bicameral que controla a la Procuraci\u00f3n General"},"content":{"rendered":"<p><em><strong>Por un acuerdo pol\u00edtico, quedar\u00e1 al frente de la Comisi\u00f3n que regula al MPF. Le correspond\u00eda al Senado, pero hubo una excepci\u00f3n para dej\u00e1rsela a ella<\/strong><\/em><\/p>\n<p>&nbsp;<\/p>\n<p>&nbsp;<\/p>\n<p>&nbsp;<\/p>\n<p>&nbsp;<\/p>\n<p>Tras la salida de Ricardo Lorenzetti de la presidencia de la Corte Suprema, que festej\u00f3 como un logro, la diputada oficialista Elisa Carri\u00f3 expande sus influencias sobre la Justicia. En los \u00faltimos d\u00edas, el interbloque Cambiemos en la C\u00e1mara baja acord\u00f3 con la oposici\u00f3n y con su contraparte en el Senado que Carri\u00f3 ser\u00e1 la pr\u00f3xima presidenta la comisi\u00f3n bicameral que controla al Ministerio P\u00fablico Fiscal y que tuvo un papel destacado mientras Mauricio Macri intentaba desplazar a Alejandra Gils Carb\u00f3 de la Procuraci\u00f3n.<\/p>\n<p>&nbsp;<\/p>\n<p>La decisi\u00f3n de otorgarle esa comisi\u00f3n a Carri\u00f3 hizo necesaria una excepci\u00f3n: las presidencias de las bicamerales van cambiando per\u00edodo tras per\u00edodo de una C\u00e1mara a la otra, para mantener el equilibrio. Pero la de control del Ministerio P\u00fablico, que ya ven\u00eda bajo el control de Diputados, permanecer\u00e1 en la C\u00e1mara baja para permitir la presidencia de Carri\u00f3. Hasta ahora, estuvo en manos de la jefa del bloque del Frente Renovador, Graciela Cama\u00f1o.<\/p>\n<p>&nbsp;<\/p>\n<p>Carri\u00f3 y Cama\u00f1o quedaron cruzadas p\u00fablicamente cuando la diputada del massismo acept\u00f3 impulsar junto al oficialismo un proyecto de ley para modificar la Procuraci\u00f3n y recortar el mandato de Gils Carb\u00f3; hasta que, con el debate avanzado y a dos d\u00edas de tratar el tema en el recinto, Carri\u00f3 rechaz\u00f3 p\u00fablicamente el proyecto lo que deriv\u00f3 en el fracaso inmediato de la ley.<\/p>\n<p>&nbsp;<\/p>\n<p>Carri\u00f3 podr\u00e1 ahora tallar sin intermediarios en la discusi\u00f3n por la reforma de la Procuraci\u00f3n, mientras el pliego de la candidata de Macri a ese lugar, In\u00e9s Weinberg, qued\u00f3 congelado en el Senado.<\/p>\n<p>&nbsp;<\/p>\n<p>Otra excepci\u00f3n fue para la bicameral que debe monitorear la implementaci\u00f3n del C\u00f3digo Procesal Penal, que permanecer\u00e1 en el Senado, bajo el dominio del peronista Rodolfo Urtubey.<\/p>\n<p>&nbsp;<\/p>\n<p>En cambio, una bicameral que s\u00ed cambiar\u00e1 de C\u00e1mara y de presidentes es la de Defensor\u00eda del Pueblo, que hasta ahora comand\u00f3 la senadora Marta Varela (PRO) y que quedar\u00e1 en manos del diputado radical de La Pampa Daniel Kroneberger. No es un dato menor. La comisi\u00f3n debe avanzar con la designaci\u00f3n de un Defensor, cargo vacante desde 2009, que el Gobierno intent\u00f3 pero no logr\u00f3 cubrir el a\u00f1o pasado. Carri\u00f3 tiene un preferido para el cargo: el fiscal Jos\u00e9 Mar\u00eda Campagnoli. Pero quien sea electo deber\u00e1 conseguir el apoyo de los dos tercios de ambas C\u00e1maras.<\/p>\n","protected":false},"excerpt":{"rendered":"<p>Por un acuerdo pol\u00edtico, quedar\u00e1 al frente de la Comisi\u00f3n que regula al MPF. Le correspond\u00eda al Senado, pero hubo una excepci\u00f3n para dej\u00e1rsela a ella &nbsp; &nbsp; &nbsp; &nbsp; Tras la salida de Ricardo Lorenzetti de la presidencia de la Corte Suprema, que festej\u00f3 como un logro, la diputada oficialista Elisa Carri\u00f3 expande sus influencias sobre la Justicia. En los \u00faltimos d\u00edas, el interbloque Cambiemos en la C\u00e1mara baja acord\u00f3 con la oposici\u00f3n y con su contraparte en el Senado que Carri\u00f3 ser\u00e1 la pr\u00f3xima presidenta la comisi\u00f3n bicameral&#8230;<\/p>\n","protected":false},"author":3,"featured_media":33540,"comment_status":"closed","ping_status":"closed","sticky":false,"template":"","format":"standard","meta":[],"categories":[9],"tags":[],"_links":{"self":[{"href":"https:\/\/www.actualidadadiario.com\/index.php\/wp-json\/wp\/v2\/posts\/33539"}],"collection":[{"href":"https:\/\/www.actualidadadiario.com\/index.php\/wp-json\/wp\/v2\/posts"}],"about":[{"href":"https:\/\/www.actualidadadiario.com\/index.php\/wp-json\/wp\/v2\/types\/post"}],"author":[{"embeddable":true,"href":"https:\/\/www.actualidadadiario.com\/index.php\/wp-json\/wp\/v2\/users\/3"}],"replies":[{"embeddable":true,"href":"https:\/\/www.actualidadadiario.com\/index.php\/wp-json\/wp\/v2\/comments?post=33539"}],"version-history":[{"count":1,"href":"https:\/\/www.actualidadadiario.com\/index.php\/wp-json\/wp\/v2\/posts\/33539\/revisions"}],"predecessor-version":[{"id":33541,"href":"https:\/\/www.actualidadadiario.com\/index.php\/wp-json\/wp\/v2\/posts\/33539\/revisions\/33541"}],"wp:featuredmedia":[{"embeddable":true,"href":"https:\/\/www.actualidadadiario.com\/index.php\/wp-json\/wp\/v2\/media\/33540"}],"wp:attachment":[{"href":"https:\/\/www.actualidadadiario.com\/index.php\/wp-json\/wp\/v2\/media?parent=33539"}],"wp:term":[{"taxonomy":"category","embeddable":true,"href":"https:\/\/www.actualidadadiario.com\/index.php\/wp-json\/wp\/v2\/categories?post=33539"},{"taxonomy":"post_tag","embeddable":true,"href":"https:\/\/www.actualidadadiario.com\/index.php\/wp-json\/wp\/v2\/tags?post=33539"}],"curies":[{"name":"wp","href":"https:\/\/api.w.org\/{rel}","templated":true}]}}