{"id":33533,"date":"2018-09-24T10:56:44","date_gmt":"2018-09-24T13:56:44","guid":{"rendered":"https:\/\/www.actualidadadiario.com\/?p=33533"},"modified":"2018-11-06T19:37:19","modified_gmt":"2018-11-06T22:37:19","slug":"la-eliminacion-de-atn-se-suma-al-debate-para-destrabar-el-presupuesto","status":"publish","type":"post","link":"https:\/\/www.actualidadadiario.com\/index.php\/2018\/09\/24\/la-eliminacion-de-atn-se-suma-al-debate-para-destrabar-el-presupuesto\/","title":{"rendered":"La eliminaci\u00f3n de ATN se suma al debate para destrabar el Presupuesto"},"content":{"rendered":"<p><em><strong>El Gobierno acept\u00f3 discutir una propuesta a la que se negaba<\/strong><\/em><\/p>\n<p>&nbsp;<\/p>\n<p>&nbsp;<\/p>\n<p>&nbsp;<\/p>\n<p>&nbsp;<\/p>\n<p>Los $4.125 millones que desde el Poder Ejecutivo nacional prometieron girar a las provincias este a\u00f1o a trav\u00e9s del &#8220;Programa de Asistencia Financiera&#8221; no fueron suficientes para garantizar el apoyo un\u00e1nime de los gobernadores al Presupuesto 2019 y la adenda al Consenso Fiscal. Para sumar voluntades, el presidente Mauricio Macri no descarta eliminar los Aportes del Tesoro Nacional (ATN), como vienen impulsando los mandatarios provinciales peronistas y el santafecino Miguel Lifschitz, o al menos habilitar el debate en el Congreso.<\/p>\n<p>&nbsp;<\/p>\n<p>La idea no termina de cuajar en los despachos de la administraci\u00f3n central. Se trata de una herramienta indispensable en un a\u00f1o electoral para favorecer a los distritos gobernados por la alianza Cambiemos. Ese an\u00e1lisis hacen los gobernadores, raz\u00f3n por la que reclaman que los ATN se supriman. &#8220;Ellos dicen que los necesitan por si surge alguna contingencia pero nosotros insistimos en que su reparto discrecional s\u00f3lo sirve para que ellos hagan pol\u00edtica&#8221;, se\u00f1alaron desde el entorno de uno de los jefes provinciales del PJ que m\u00e1s enfrentado est\u00e1 por estas horas con la Casa Rosada.<\/p>\n<p>&nbsp;<\/p>\n<p>Aunque en un comienzo en el Gobierno nacional se resist\u00edan a dar la discusi\u00f3n sobre esos fondos, empezaron a rever esa postura a ra\u00edz de las \u00faltimas negociaciones con algunos mandatarios del PJ por la &#8220;Ley de leyes&#8221; y para alentar a que otros estampen su firma en la adenda al Consenso Fiscal. Hasta ahora, el ministro del Interior, Rogelio Frigerio, consigui\u00f3 14 adhesiones al texto que propone derogar las exenciones de Ganancias, suspender la rebaja del impuesto a los Sellos y que deja abierta la posibilidad para subir Bienes Personales.<\/p>\n<p>&nbsp;<\/p>\n<p>Lifschitz no dio su visto bueno a la letra del documento, sin embargo fuentes del Ejecutivo nacional se\u00f1alaron a este diario que est\u00e1n &#8220;m\u00e1s confiados en llegar a un acuerdo&#8221; con el santafecino de lo que estaban semanas atr\u00e1s. El objetivo de m\u00ednima es llegar a dieciocho firmas, algo que por el momento no tienen garantizado.<\/p>\n<p>&nbsp;<\/p>\n<p>Entre los que a\u00fan no suscribieron est\u00e1n Juan Manzur, de Tucum\u00e1n; Roxana Bertone, de Tierra del Fuego; Gerardo Zamora, de Santiago del Estero; Luc\u00eda Corpacci, de Catamarca; Gildo Insfran, de Formosa; Alicia Kirchner, de Santa Cruz; y el chubutense Mariano Arcioni. En Balcarce 50 est\u00e1n seguros que en el transcurso de esta semana varios de ellos se sumar\u00e1n. Distinta es la situaci\u00f3n de Alberto Rodr\u00edguez Saa, de San Luis; y Carlos Verna, de La Pampa, ya que como no adhirieron al Pacto Fiscal el a\u00f1o pasado no esperan su firma a la adenda.<\/p>\n<p>&nbsp;<\/p>\n<p>La apuesta es lograr el mayor apoyo antes del mi\u00e9rcoles, d\u00eda en que podr\u00edan enviar el documento al Senado, pero adem\u00e1s coincidir\u00eda con la visita de Frigerio al Congreso. Ser\u00e1 el segundo funcionario del Ejecutivo nacional en concurrir a la comisi\u00f3n de Presupuesto y Hacienda para analizar el proyecto de Ingresos y Gastos, tras la presentaci\u00f3n del titular de Hacienda, Nicol\u00e1s Dujovne, el jueves \u00faltimo.<\/p>\n<p>&nbsp;<\/p>\n<p>Hasta el 10 de octubre pr\u00f3ximo, fecha en la que desde el interbloque oficialista de la c\u00e1mara de Diputados buscan emitir dictamen, se prev\u00e9n las visitas de los ministros Carolina Stanley, de Salud y Desarrollo Social; y Guillermo Dietrich, de Transporte, y la del presidente del Banco Central, Luis Caputo, entre otras.<\/p>\n","protected":false},"excerpt":{"rendered":"<p>El Gobierno acept\u00f3 discutir una propuesta a la que se negaba &nbsp; &nbsp; &nbsp; &nbsp; Los $4.125 millones que desde el Poder Ejecutivo nacional prometieron girar a las provincias este a\u00f1o a trav\u00e9s del &#8220;Programa de Asistencia Financiera&#8221; no fueron suficientes para garantizar el apoyo un\u00e1nime de los gobernadores al Presupuesto 2019 y la adenda al Consenso Fiscal. Para sumar voluntades, el presidente Mauricio Macri no descarta eliminar los Aportes del Tesoro Nacional (ATN), como vienen impulsando los mandatarios provinciales peronistas y el santafecino Miguel Lifschitz, o al menos habilitar&#8230;<\/p>\n","protected":false},"author":3,"featured_media":33534,"comment_status":"closed","ping_status":"closed","sticky":false,"template":"","format":"standard","meta":[],"categories":[18],"tags":[],"_links":{"self":[{"href":"https:\/\/www.actualidadadiario.com\/index.php\/wp-json\/wp\/v2\/posts\/33533"}],"collection":[{"href":"https:\/\/www.actualidadadiario.com\/index.php\/wp-json\/wp\/v2\/posts"}],"about":[{"href":"https:\/\/www.actualidadadiario.com\/index.php\/wp-json\/wp\/v2\/types\/post"}],"author":[{"embeddable":true,"href":"https:\/\/www.actualidadadiario.com\/index.php\/wp-json\/wp\/v2\/users\/3"}],"replies":[{"embeddable":true,"href":"https:\/\/www.actualidadadiario.com\/index.php\/wp-json\/wp\/v2\/comments?post=33533"}],"version-history":[{"count":1,"href":"https:\/\/www.actualidadadiario.com\/index.php\/wp-json\/wp\/v2\/posts\/33533\/revisions"}],"predecessor-version":[{"id":33535,"href":"https:\/\/www.actualidadadiario.com\/index.php\/wp-json\/wp\/v2\/posts\/33533\/revisions\/33535"}],"wp:featuredmedia":[{"embeddable":true,"href":"https:\/\/www.actualidadadiario.com\/index.php\/wp-json\/wp\/v2\/media\/33534"}],"wp:attachment":[{"href":"https:\/\/www.actualidadadiario.com\/index.php\/wp-json\/wp\/v2\/media?parent=33533"}],"wp:term":[{"taxonomy":"category","embeddable":true,"href":"https:\/\/www.actualidadadiario.com\/index.php\/wp-json\/wp\/v2\/categories?post=33533"},{"taxonomy":"post_tag","embeddable":true,"href":"https:\/\/www.actualidadadiario.com\/index.php\/wp-json\/wp\/v2\/tags?post=33533"}],"curies":[{"name":"wp","href":"https:\/\/api.w.org\/{rel}","templated":true}]}}