{"id":33527,"date":"2018-09-24T10:55:26","date_gmt":"2018-09-24T13:55:26","guid":{"rendered":"https:\/\/www.actualidadadiario.com\/?p=33527"},"modified":"2018-11-06T19:37:19","modified_gmt":"2018-11-06T22:37:19","slug":"el-acuerdo-sera-anunciado-pronto","status":"publish","type":"post","link":"https:\/\/www.actualidadadiario.com\/index.php\/2018\/09\/24\/el-acuerdo-sera-anunciado-pronto\/","title":{"rendered":"&#8220;El acuerdo ser\u00e1 anunciado pronto&#8221;"},"content":{"rendered":"<p><strong><em>Durante su presencia en los Estados Unidos, habl\u00f3 el ministro de Hacienda y Finanzas, Nicol\u00e1s Dujovne<\/em><\/strong><\/p>\n<p>&nbsp;<\/p>\n<p>&nbsp;<\/p>\n<p>&nbsp;<\/p>\n<p>&nbsp;<\/p>\n<p>&#8220;El acuerdo ser\u00e1 anunciado pronto&#8221;, asegur\u00f3 Nicol\u00e1s Dujovne durante su estad\u00eda en los Estados Unidos, al referirse al acuerdo que mantiene la Argentina con el FMI. Es que el ministro de Hacienda y Finanzas arrib\u00f3 junto a Mauricio Macri, y el resto de la comitiva. Es que el presidente participar\u00e1 en la 73\u00b0 Asamblea General de las Naciones Unidas, mantendr\u00e1 reuniones con inversores y mandatarios y recibir\u00e1 el premio &#8220;Ciudadano Mundial 2018&#8221;.<\/p>\n<p>&nbsp;<\/p>\n<p>En horas de la ma\u00f1ana de este domingo, Macri, junto a Juliana Awada, lleg\u00f3 a los Estados Unidos donde tendr\u00e1 una agenda cargada de actividades. Es por eso que, durante el d\u00eda libre de la comitiva, Dujovne estuvo unos minutos en la puerta del Hotel Langham, ubicado sobre la Quinta Avenida, donde habl\u00f3 escuetamente con la prensa.<\/p>\n<p>&nbsp;<\/p>\n<p>&#8220;El acuerdo ser\u00e1 anunciado pronto&#8221;, asever\u00f3 el Ministro de Hacienda en di\u00e1logo con Infobae, en Manhattan, al referirse a las negociaciones que est\u00e1 realizando el Gobierno nacional con el Fondo Monetario Internacional. Sin embargo, ante la consulta sobre cu\u00e1ndo ser\u00e1 ese momento, admiti\u00f3: &#8220;A\u00fan no sabemos&#8221;.<\/p>\n<p>&nbsp;<\/p>\n<p>Vale recordar que el domingo es un d\u00eda libre para la pareja presidencial y el resto de la comitiva, pero desde las primeras horas del lunes, tendr\u00e1n una agitada agenda, ya que abrir\u00e1 la jornada con un desayuno en el diario Financial Times, luego mantendr\u00e1 un encuentro con el Grupo Bloomberg y, en horas del mediod\u00eda, almorzar\u00e1 con un grupo de inversores.<\/p>\n<p>&nbsp;<\/p>\n<p>Tras finalizar esa actividad, unas dos horas m\u00e1s tarde, Macri participar\u00e1 de un evento con miembros del Council of The Americas y de la C\u00e1mara de Comercio de los Estados Unidos, para luego realizar una reuni\u00f3n de trabajo con la comitiva que lo acompa\u00f1a. Durante las primeras horas de la tarde, ser\u00e1 el momento en que la pareja presidencial asistan a la recepci\u00f3n que ofrecer\u00e1 Trump, y su esposa, en honor de los Jefes de Estado y de Gobierno que participar\u00e1n de la Asamblea de la ONU.<\/p>\n<p>&nbsp;<\/p>\n<p>Pero su d\u00eda no terminar\u00e1 all\u00ed, ya que a las 21 Macri ser\u00e1 distinguido como &#8216;Ciudadano Mundial 2018&#8217;, una premiaci\u00f3n coordinada por el Atlantic Council, en la cual tambi\u00e9n ser\u00e1 galardonada la Primer Ministro de Noruega, Erna Solberg. En tanto, el martes, mientras la Argentina enfrenta un paro nacional, por 24 horas, convocado por la CGT y las CTA, Macri estar\u00e1 asistir\u00e1 a la Apertura del Debate General del 73\u00b0 per\u00edodo de sesiones de la Asamblea General de la ONU, mientras que en horas del mediod\u00eda, participar\u00e1 de un encuentro con Jefes de Estado del Mercosur.<\/p>\n<p>&nbsp;<\/p>\n<p>Para el almuerzo, se sumar\u00e1 a la comida en honor a los Jefes de Estado y de Gobierno, ofrecida por el secretario general de la ONU, Antonio Guterres. Mientras que cerca de las 5 de la tarde, volver\u00e1 a la ONU para realizar su exposici\u00f3n en el Debate General de la ONU, donde tomar\u00e1 la palabra no solo como Jefe de Estado, sino tambi\u00e9n como titular del G20.<\/p>\n","protected":false},"excerpt":{"rendered":"<p>Durante su presencia en los Estados Unidos, habl\u00f3 el ministro de Hacienda y Finanzas, Nicol\u00e1s Dujovne &nbsp; &nbsp; &nbsp; &nbsp; &#8220;El acuerdo ser\u00e1 anunciado pronto&#8221;, asegur\u00f3 Nicol\u00e1s Dujovne durante su estad\u00eda en los Estados Unidos, al referirse al acuerdo que mantiene la Argentina con el FMI. Es que el ministro de Hacienda y Finanzas arrib\u00f3 junto a Mauricio Macri, y el resto de la comitiva. Es que el presidente participar\u00e1 en la 73\u00b0 Asamblea General de las Naciones Unidas, mantendr\u00e1 reuniones con inversores y mandatarios y recibir\u00e1 el premio &#8220;Ciudadano&#8230;<\/p>\n","protected":false},"author":3,"featured_media":33528,"comment_status":"closed","ping_status":"closed","sticky":false,"template":"","format":"standard","meta":[],"categories":[18],"tags":[],"_links":{"self":[{"href":"https:\/\/www.actualidadadiario.com\/index.php\/wp-json\/wp\/v2\/posts\/33527"}],"collection":[{"href":"https:\/\/www.actualidadadiario.com\/index.php\/wp-json\/wp\/v2\/posts"}],"about":[{"href":"https:\/\/www.actualidadadiario.com\/index.php\/wp-json\/wp\/v2\/types\/post"}],"author":[{"embeddable":true,"href":"https:\/\/www.actualidadadiario.com\/index.php\/wp-json\/wp\/v2\/users\/3"}],"replies":[{"embeddable":true,"href":"https:\/\/www.actualidadadiario.com\/index.php\/wp-json\/wp\/v2\/comments?post=33527"}],"version-history":[{"count":1,"href":"https:\/\/www.actualidadadiario.com\/index.php\/wp-json\/wp\/v2\/posts\/33527\/revisions"}],"predecessor-version":[{"id":33529,"href":"https:\/\/www.actualidadadiario.com\/index.php\/wp-json\/wp\/v2\/posts\/33527\/revisions\/33529"}],"wp:featuredmedia":[{"embeddable":true,"href":"https:\/\/www.actualidadadiario.com\/index.php\/wp-json\/wp\/v2\/media\/33528"}],"wp:attachment":[{"href":"https:\/\/www.actualidadadiario.com\/index.php\/wp-json\/wp\/v2\/media?parent=33527"}],"wp:term":[{"taxonomy":"category","embeddable":true,"href":"https:\/\/www.actualidadadiario.com\/index.php\/wp-json\/wp\/v2\/categories?post=33527"},{"taxonomy":"post_tag","embeddable":true,"href":"https:\/\/www.actualidadadiario.com\/index.php\/wp-json\/wp\/v2\/tags?post=33527"}],"curies":[{"name":"wp","href":"https:\/\/api.w.org\/{rel}","templated":true}]}}