{"id":33515,"date":"2018-09-24T10:52:10","date_gmt":"2018-09-24T13:52:10","guid":{"rendered":"https:\/\/www.actualidadadiario.com\/?p=33515"},"modified":"2018-11-06T19:37:19","modified_gmt":"2018-11-06T22:37:19","slug":"en-el-campo-solo-cuatro-producciones-muestran-resultados-positivos","status":"publish","type":"post","link":"https:\/\/www.actualidadadiario.com\/index.php\/2018\/09\/24\/en-el-campo-solo-cuatro-producciones-muestran-resultados-positivos\/","title":{"rendered":"En el campo, s\u00f3lo cuatro producciones muestran resultados positivos"},"content":{"rendered":"<p><em><strong>S\u00f3lo cuatro de un total de 19 econom\u00edas regionados monitoreadas por Coninagro registraron un saldo positivo durante septiembre, luego de las medidas econ\u00f3micas adoptadas por el Gobierno nacional<\/strong><\/em><\/p>\n<p>&nbsp;<\/p>\n<p>&nbsp;<\/p>\n<p>&nbsp;<\/p>\n<p>&nbsp;<\/p>\n<p>S\u00f3lo cuatro de un total de 19 econom\u00edas regionados monitoreadas por Coninagro registraron un saldo positivo durante septiembre, luego de las medidas econ\u00f3micas adoptadas por el Gobierno nacional. Los datos surgen del denominado &#8220;Sem\u00e1foro de la econom\u00eda&#8221; que elabora la entidad cooperativista, que marca la cr\u00edtica situaci\u00f3n que atraviesan diversos sectores del agro.<\/p>\n<p>&nbsp;<\/p>\n<p>&#8220;De 19 econom\u00edas regionales monitoreadas por CONINAGRO, s\u00f3lo cuatro muestran desempe\u00f1o positivo. Esto surge del an\u00e1lisis realizado en septiembre, luego de las recientes medidas econ\u00f3micas impulsadas por el gobierno&#8221;, explic\u00f3 la autora del informe, la economista Silvina Campos Carl\u00e9s.<\/p>\n<p>&nbsp;<\/p>\n<p>Al analizar las actividades con perspectiva positiva se destacan: algod\u00f3n, carne, miel y granos en general, pese a las recientes medidas sobre reimplantaci\u00f3n de retenciones. &#8220;Esta situaci\u00f3n diferencial se relaciona con el corto plazo y el historial de perfil exportador ya generado&#8221;, indic\u00f3 Coninagro en un comunicado.<\/p>\n<p>&nbsp;<\/p>\n<p>Seg\u00fan el informe, seis actividades se encuentran en situaci\u00f3n de advertencia, algunos que ten\u00edan un buen estado (como el man\u00ed) y cambiaron la perspectiva por la imposici\u00f3n de derechos de exportaci\u00f3n; se suman mandioca, ovinos del Litoral, peras y manzanas, porcinos y tabaco del NEA.<\/p>\n<p>&nbsp;<\/p>\n<p>El trabajo realizado por el \u00c1rea de Econom\u00eda de Coninagro reafirma que &#8220;el arroz no escapa al problema de financiamiento del resto de las actividades, profundizando estado actual, siendo una actividad con altos costos en d\u00f3lares; adem\u00e1s de la nueva retenci\u00f3n de 4 pesos por d\u00f3lar exportado hay que sumarle la casi desaparici\u00f3n de los reintegros&#8221;.<\/p>\n<p>&nbsp;<\/p>\n<p>De acuerdo con el estudio, el arroz y la leche son las producciones m\u00e1s afectadas y de panorama negativo en el sem\u00e1foro. A ellas se suman forestaci\u00f3n y papa, ya que siguen con el mismo problema de altos costos y precios de venta en pesos; la forestaci\u00f3n est\u00e1 afectada, adem\u00e1s, por el sobreoferta y las importaciones en contra del desarrollo de la cadena.<\/p>\n<p>&nbsp;<\/p>\n<p>Seg\u00fan el reporte, todas las actividades analizadas muestran signos de estar afectadas trasversalmente por altos costos de financiaci\u00f3n, dados por la tasa de inter\u00e9s y por los derechos de exportaci\u00f3n. Y todas las producciones que muestran se\u00f1ales de crisis, en la actualidad orientan su producci\u00f3n al consumo interno en forma mayoritaria, como es el caso del vino y el mosto. Las aves est\u00e1n en rojo por ca\u00edda en consumo, producci\u00f3n y exportaci\u00f3n y las hortalizas con costos crecientes por encima del precio y m\u00ednimas ventas al exterior.<\/p>\n","protected":false},"excerpt":{"rendered":"<p>S\u00f3lo cuatro de un total de 19 econom\u00edas regionados monitoreadas por Coninagro registraron un saldo positivo durante septiembre, luego de las medidas econ\u00f3micas adoptadas por el Gobierno nacional &nbsp; &nbsp; &nbsp; &nbsp; S\u00f3lo cuatro de un total de 19 econom\u00edas regionados monitoreadas por Coninagro registraron un saldo positivo durante septiembre, luego de las medidas econ\u00f3micas adoptadas por el Gobierno nacional. Los datos surgen del denominado &#8220;Sem\u00e1foro de la econom\u00eda&#8221; que elabora la entidad cooperativista, que marca la cr\u00edtica situaci\u00f3n que atraviesan diversos sectores del agro. &nbsp; &#8220;De 19 econom\u00edas regionales&#8230;<\/p>\n","protected":false},"author":3,"featured_media":33516,"comment_status":"closed","ping_status":"closed","sticky":false,"template":"","format":"standard","meta":[],"categories":[2],"tags":[],"_links":{"self":[{"href":"https:\/\/www.actualidadadiario.com\/index.php\/wp-json\/wp\/v2\/posts\/33515"}],"collection":[{"href":"https:\/\/www.actualidadadiario.com\/index.php\/wp-json\/wp\/v2\/posts"}],"about":[{"href":"https:\/\/www.actualidadadiario.com\/index.php\/wp-json\/wp\/v2\/types\/post"}],"author":[{"embeddable":true,"href":"https:\/\/www.actualidadadiario.com\/index.php\/wp-json\/wp\/v2\/users\/3"}],"replies":[{"embeddable":true,"href":"https:\/\/www.actualidadadiario.com\/index.php\/wp-json\/wp\/v2\/comments?post=33515"}],"version-history":[{"count":1,"href":"https:\/\/www.actualidadadiario.com\/index.php\/wp-json\/wp\/v2\/posts\/33515\/revisions"}],"predecessor-version":[{"id":33517,"href":"https:\/\/www.actualidadadiario.com\/index.php\/wp-json\/wp\/v2\/posts\/33515\/revisions\/33517"}],"wp:featuredmedia":[{"embeddable":true,"href":"https:\/\/www.actualidadadiario.com\/index.php\/wp-json\/wp\/v2\/media\/33516"}],"wp:attachment":[{"href":"https:\/\/www.actualidadadiario.com\/index.php\/wp-json\/wp\/v2\/media?parent=33515"}],"wp:term":[{"taxonomy":"category","embeddable":true,"href":"https:\/\/www.actualidadadiario.com\/index.php\/wp-json\/wp\/v2\/categories?post=33515"},{"taxonomy":"post_tag","embeddable":true,"href":"https:\/\/www.actualidadadiario.com\/index.php\/wp-json\/wp\/v2\/tags?post=33515"}],"curies":[{"name":"wp","href":"https:\/\/api.w.org\/{rel}","templated":true}]}}