{"id":33509,"date":"2018-09-24T10:50:48","date_gmt":"2018-09-24T13:50:48","guid":{"rendered":"https:\/\/www.actualidadadiario.com\/?p=33509"},"modified":"2018-11-06T19:37:19","modified_gmt":"2018-11-06T22:37:19","slug":"mas-de-100-mil-jubilados-dejaran-de-cobrar-la-reparacion-historica","status":"publish","type":"post","link":"https:\/\/www.actualidadadiario.com\/index.php\/2018\/09\/24\/mas-de-100-mil-jubilados-dejaran-de-cobrar-la-reparacion-historica\/","title":{"rendered":"M\u00e1s de 100 mil jubilados dejar\u00e1n de cobrar la reparaci\u00f3n hist\u00f3rica"},"content":{"rendered":"<p><em><strong>A partir de octubre, cesar\u00e1n de percibir ese monto quienes no hayan aceptado, antes del final de agosto y a trav\u00e9s de un aplicativo en Internet, las cifras propuestas por ANSeS en los procedimientos abreviados<\/strong><\/em><\/p>\n<p>&nbsp;<\/p>\n<p>&nbsp;<\/p>\n<p>&nbsp;<\/p>\n<p>Al menos 100 mil jubilados dejar\u00e1n de percibir el monto correspondiente a la tan promocionada reparaci\u00f3n hist\u00f3rica a partir de octubre. Se trata de quienes no manifestaron su consentimiento sobre los procedimientos abreviados antes del 31 de agosto. El mismo deb\u00eda efectuarse a trav\u00e9s de un aplicativo en la p\u00e1gina web de ANSeS.<\/p>\n<p>&nbsp;<\/p>\n<p>\u201cEl 31 de agosto venci\u00f3 la \u00faltima pr\u00f3rroga para aceptar la reparaci\u00f3n hist\u00f3rica de los casos de procedimiento abreviado, es decir aquellos casos en los que ANSeS puso al pago el incremento en el haber de manera previa a la firma del acuerdo\u201d entre las partes, explic\u00f3 el abogado especialista en Derecho Previsional Adri\u00e1n Troccoli.<\/p>\n<p>&nbsp;<\/p>\n<p>Las estimaciones apuntan a la existencia de 120 mil afectados, aunque hay varios con medidas cautelares, puntualiz\u00f3 en declaraciones a la agencia de noticias NA.<\/p>\n","protected":false},"excerpt":{"rendered":"<p>A partir de octubre, cesar\u00e1n de percibir ese monto quienes no hayan aceptado, antes del final de agosto y a trav\u00e9s de un aplicativo en Internet, las cifras propuestas por ANSeS en los procedimientos abreviados &nbsp; &nbsp; &nbsp; Al menos 100 mil jubilados dejar\u00e1n de percibir el monto correspondiente a la tan promocionada reparaci\u00f3n hist\u00f3rica a partir de octubre. Se trata de quienes no manifestaron su consentimiento sobre los procedimientos abreviados antes del 31 de agosto. El mismo deb\u00eda efectuarse a trav\u00e9s de un aplicativo en la p\u00e1gina web de&#8230;<\/p>\n","protected":false},"author":3,"featured_media":33510,"comment_status":"closed","ping_status":"closed","sticky":false,"template":"","format":"standard","meta":[],"categories":[9],"tags":[],"_links":{"self":[{"href":"https:\/\/www.actualidadadiario.com\/index.php\/wp-json\/wp\/v2\/posts\/33509"}],"collection":[{"href":"https:\/\/www.actualidadadiario.com\/index.php\/wp-json\/wp\/v2\/posts"}],"about":[{"href":"https:\/\/www.actualidadadiario.com\/index.php\/wp-json\/wp\/v2\/types\/post"}],"author":[{"embeddable":true,"href":"https:\/\/www.actualidadadiario.com\/index.php\/wp-json\/wp\/v2\/users\/3"}],"replies":[{"embeddable":true,"href":"https:\/\/www.actualidadadiario.com\/index.php\/wp-json\/wp\/v2\/comments?post=33509"}],"version-history":[{"count":1,"href":"https:\/\/www.actualidadadiario.com\/index.php\/wp-json\/wp\/v2\/posts\/33509\/revisions"}],"predecessor-version":[{"id":33511,"href":"https:\/\/www.actualidadadiario.com\/index.php\/wp-json\/wp\/v2\/posts\/33509\/revisions\/33511"}],"wp:featuredmedia":[{"embeddable":true,"href":"https:\/\/www.actualidadadiario.com\/index.php\/wp-json\/wp\/v2\/media\/33510"}],"wp:attachment":[{"href":"https:\/\/www.actualidadadiario.com\/index.php\/wp-json\/wp\/v2\/media?parent=33509"}],"wp:term":[{"taxonomy":"category","embeddable":true,"href":"https:\/\/www.actualidadadiario.com\/index.php\/wp-json\/wp\/v2\/categories?post=33509"},{"taxonomy":"post_tag","embeddable":true,"href":"https:\/\/www.actualidadadiario.com\/index.php\/wp-json\/wp\/v2\/tags?post=33509"}],"curies":[{"name":"wp","href":"https:\/\/api.w.org\/{rel}","templated":true}]}}