{"id":33506,"date":"2018-09-24T10:50:05","date_gmt":"2018-09-24T13:50:05","guid":{"rendered":"https:\/\/www.actualidadadiario.com\/?p=33506"},"modified":"2018-11-06T19:37:19","modified_gmt":"2018-11-06T22:37:19","slug":"la-produccion-de-las-pymes-volvio-a-caer-fue-64-en-agosto","status":"publish","type":"post","link":"https:\/\/www.actualidadadiario.com\/index.php\/2018\/09\/24\/la-produccion-de-las-pymes-volvio-a-caer-fue-64-en-agosto\/","title":{"rendered":"La producci\u00f3n de las Pymes volvi\u00f3 a caer: fue 6,4% en agosto"},"content":{"rendered":"<p><em><strong>As\u00ed lo indica un informe de la Confederaci\u00f3n Argentina de la Mediana Empresa (CAME), que agrupa a las firmas del sector. Es el cuarto mes consecutivo en declive<\/strong><\/em><\/p>\n<p>&nbsp;<\/p>\n<p>&nbsp;<\/p>\n<p>&nbsp;<\/p>\n<p>&nbsp;<\/p>\n<p>La producci\u00f3n de la industria Pyme cay\u00f3 por cuarto mes consecutivo: la baja de las actividades fue 6,4% en agosto frente a igual mes del a\u00f1o pasado, seg\u00fan datos de la Confederaci\u00f3n Argentina de la Mediana Empresa (CAME) que se conocieron hoy.<\/p>\n<p>&nbsp;<\/p>\n<p>Tambi\u00e9n baj\u00f3 el uso de la capacidad instalada al 53,8%, lo que quiere decir que las peque\u00f1as y medianas empresas est\u00e1n produciendo apenas la mitad de lo que podr\u00edan. En una encuesta realizada por el organismo, una de cada tres firmas califica su situaci\u00f3n como mala o cr\u00edtica.<\/p>\n<p>&nbsp;<\/p>\n<p>Uno de los pocos datos \u201cpositivos\u201d fue que se increment\u00f3 la proporci\u00f3n de empresas en crecimiento al 31,4% (en julio la cifra fue 26,1%), aunque la cifra sigue siendo escasa. Ese avance se debi\u00f3, seg\u00fan la CAME, a la devaluaci\u00f3n.<\/p>\n<p>&nbsp;<\/p>\n<p>En contrapartida, m\u00e1s de la mitad de las compa\u00f1\u00edas est\u00e1n en baja (55,1%). La cifra mejor\u00f3 apenas un 3% frente al mes anterior.<\/p>\n<p>&nbsp;<\/p>\n<p>Las bajas m\u00e1s acentuadas se dieron en productos de metal, maquinaria y equipo, con 10,4%; calzado y marroquiner\u00eda, 8,8%; textiles y prendas de vestir, 8,3%; material de transporte, 7,5; y productos de caucho y pl\u00e1stico, 6,4%.<\/p>\n","protected":false},"excerpt":{"rendered":"<p>As\u00ed lo indica un informe de la Confederaci\u00f3n Argentina de la Mediana Empresa (CAME), que agrupa a las firmas del sector. Es el cuarto mes consecutivo en declive &nbsp; &nbsp; &nbsp; &nbsp; La producci\u00f3n de la industria Pyme cay\u00f3 por cuarto mes consecutivo: la baja de las actividades fue 6,4% en agosto frente a igual mes del a\u00f1o pasado, seg\u00fan datos de la Confederaci\u00f3n Argentina de la Mediana Empresa (CAME) que se conocieron hoy. &nbsp; Tambi\u00e9n baj\u00f3 el uso de la capacidad instalada al 53,8%, lo que quiere decir que&#8230;<\/p>\n","protected":false},"author":3,"featured_media":33507,"comment_status":"closed","ping_status":"closed","sticky":false,"template":"","format":"standard","meta":[],"categories":[2],"tags":[],"_links":{"self":[{"href":"https:\/\/www.actualidadadiario.com\/index.php\/wp-json\/wp\/v2\/posts\/33506"}],"collection":[{"href":"https:\/\/www.actualidadadiario.com\/index.php\/wp-json\/wp\/v2\/posts"}],"about":[{"href":"https:\/\/www.actualidadadiario.com\/index.php\/wp-json\/wp\/v2\/types\/post"}],"author":[{"embeddable":true,"href":"https:\/\/www.actualidadadiario.com\/index.php\/wp-json\/wp\/v2\/users\/3"}],"replies":[{"embeddable":true,"href":"https:\/\/www.actualidadadiario.com\/index.php\/wp-json\/wp\/v2\/comments?post=33506"}],"version-history":[{"count":1,"href":"https:\/\/www.actualidadadiario.com\/index.php\/wp-json\/wp\/v2\/posts\/33506\/revisions"}],"predecessor-version":[{"id":33508,"href":"https:\/\/www.actualidadadiario.com\/index.php\/wp-json\/wp\/v2\/posts\/33506\/revisions\/33508"}],"wp:featuredmedia":[{"embeddable":true,"href":"https:\/\/www.actualidadadiario.com\/index.php\/wp-json\/wp\/v2\/media\/33507"}],"wp:attachment":[{"href":"https:\/\/www.actualidadadiario.com\/index.php\/wp-json\/wp\/v2\/media?parent=33506"}],"wp:term":[{"taxonomy":"category","embeddable":true,"href":"https:\/\/www.actualidadadiario.com\/index.php\/wp-json\/wp\/v2\/categories?post=33506"},{"taxonomy":"post_tag","embeddable":true,"href":"https:\/\/www.actualidadadiario.com\/index.php\/wp-json\/wp\/v2\/tags?post=33506"}],"curies":[{"name":"wp","href":"https:\/\/api.w.org\/{rel}","templated":true}]}}