{"id":33499,"date":"2018-09-24T10:47:47","date_gmt":"2018-09-24T13:47:47","guid":{"rendered":"https:\/\/www.actualidadadiario.com\/?p=33499"},"modified":"2018-11-06T19:37:19","modified_gmt":"2018-11-06T22:37:19","slug":"lunes-y-martes-no-habra-clases-en-la-provincia","status":"publish","type":"post","link":"https:\/\/www.actualidadadiario.com\/index.php\/2018\/09\/24\/lunes-y-martes-no-habra-clases-en-la-provincia\/","title":{"rendered":"Lunes y martes no habr\u00e1 clases en la provincia"},"content":{"rendered":"<p><em><strong>Los gremios Agmer y AMET resolvieron realizar un paro de 48 horas este lunes y martes, en coincidencia con lo dispuesto por las federaciones nacionales de trabajadores \u00b7 Los docentes universitarios tambi\u00e9n se suman a la medida. Sadop adhiere al paro del martes y participar\u00e1 de la movilizaci\u00f3n del lunes<\/strong><\/em><\/p>\n<p>&nbsp;<\/p>\n<p>&nbsp;<\/p>\n<p>&nbsp;<\/p>\n<p>&nbsp;<\/p>\n<p>La Asociaci\u00f3n Gremial del Magisterio de Entre R\u00edos (Agmer) defini\u00f3 la medida durante su \u00faltimo Congreso, desarrollado el viernes 14 de septiembre en Villaguay. Por su parte, la Asociaci\u00f3n del Magisterio de la Ense\u00f1anza T\u00e9cnica (AMET) anunci\u00f3 primero su adhesi\u00f3n al paro del martes 25, en coincidencia con la medida dispuesta por la CGT, y el viernes pasado, tras realizar asambleas en las escuelas y compatibilizar los mandatos, defini\u00f3 sumarse tambi\u00e9n al paro del lunes 24.<\/p>\n<p>&nbsp;<\/p>\n<p>Al explicar los motivos de la decisi\u00f3n, ambos gremios docentes combinan reclamos al Gobierno nacional y al provincial. A la gesti\u00f3n de Gustavo Bordet le exigen un incremento salarial acorde a la inflaci\u00f3n. Esto es, que aplique la cl\u00e1usula de revisi\u00f3n convenida al firmar el acuerdo paritario en mayo pasado, que establec\u00eda que en cuanto la inflaci\u00f3n superara el 19%, se evaluar\u00eda un nuevo aumento salarial.<\/p>\n<p>&nbsp;<\/p>\n<p>Al presidente Mauricio Macri le exigen, entre otros puntos, el freno al ajuste, \u201cque se va a profundizar a trav\u00e9s de la Ley de Presupuesto\u201d; contra las exigencias del FMI; en defensa de las fuentes laborales y de los salarios \u201cque se lic\u00faan con la inflaci\u00f3n y la devaluaci\u00f3n\u201d; en rechazo a la represi\u00f3n y las amenazas; contra el recorte de recursos en salud, educaci\u00f3n y ciencia y tecnolog\u00eda. \u201cEl presupuesto que el Ejecutivo Nacional pact\u00f3 con el FMI, s\u00f3lo en educaci\u00f3n implica perder 40 mil millones de pesos que constituyen el Fondo de Incentivo Docente y el Fondo compensador para cubrir las desigualdades salariales en las siete provincias m\u00e1s pobres del pa\u00eds\u201d, se\u00f1al\u00f3 al respecto Agmer.<\/p>\n<p>&nbsp;<\/p>\n<p>&nbsp;<\/p>\n<p><strong>Paro de la docencia universitaria<\/strong><\/p>\n<p>Por su parte, la Asociaci\u00f3n Gremial de Docentes Universitarios (AGDU) inform\u00f3 su adhesi\u00f3n al paro de 36 horas del lunes 24 y martes 25 de septiembre, convocado por las centrales sindicales nacionales y en el marco del plan de lucha anunciado por Conadu.<\/p>\n<p>&nbsp;<\/p>\n<p>\u201cExpresamos nuestro rechazo al brutal ajuste que aplica el Gobierno nacional para cumplir con las exigencias impuestas por el Fondo Monetario Internacional (FMI) y que provoca despidos masivos, recortes presupuestarios en distintas \u00e1reas, incrementos descomunales de los precios en bienes y servicios, devaluaci\u00f3n que lic\u00faa los salarios e inflaci\u00f3n imparable\u201d, remarc\u00f3 el sindicato.<\/p>\n<p>&nbsp;<\/p>\n<p>&nbsp;<\/p>\n<p><strong>Docentes privados<\/strong><\/p>\n<p>En tanto, la Seccional entrerriana del Sindicato Argentino de Docentes Privados (Sadop), nucleada en la CGT, no har\u00e1 paro el lunes pr\u00f3ximo pero s\u00ed el martes 25. Adem\u00e1s, la dirigencia del gremio se sumar\u00e1 a la movilizaci\u00f3n que se realizar\u00e1 en Paran\u00e1, convocada por la Multisectorial.<\/p>\n","protected":false},"excerpt":{"rendered":"<p>Los gremios Agmer y AMET resolvieron realizar un paro de 48 horas este lunes y martes, en coincidencia con lo dispuesto por las federaciones nacionales de trabajadores \u00b7 Los docentes universitarios tambi\u00e9n se suman a la medida. Sadop adhiere al paro del martes y participar\u00e1 de la movilizaci\u00f3n del lunes &nbsp; &nbsp; &nbsp; &nbsp; La Asociaci\u00f3n Gremial del Magisterio de Entre R\u00edos (Agmer) defini\u00f3 la medida durante su \u00faltimo Congreso, desarrollado el viernes 14 de septiembre en Villaguay. Por su parte, la Asociaci\u00f3n del Magisterio de la Ense\u00f1anza T\u00e9cnica (AMET)&#8230;<\/p>\n","protected":false},"author":3,"featured_media":7926,"comment_status":"closed","ping_status":"closed","sticky":false,"template":"","format":"standard","meta":[],"categories":[15],"tags":[],"_links":{"self":[{"href":"https:\/\/www.actualidadadiario.com\/index.php\/wp-json\/wp\/v2\/posts\/33499"}],"collection":[{"href":"https:\/\/www.actualidadadiario.com\/index.php\/wp-json\/wp\/v2\/posts"}],"about":[{"href":"https:\/\/www.actualidadadiario.com\/index.php\/wp-json\/wp\/v2\/types\/post"}],"author":[{"embeddable":true,"href":"https:\/\/www.actualidadadiario.com\/index.php\/wp-json\/wp\/v2\/users\/3"}],"replies":[{"embeddable":true,"href":"https:\/\/www.actualidadadiario.com\/index.php\/wp-json\/wp\/v2\/comments?post=33499"}],"version-history":[{"count":1,"href":"https:\/\/www.actualidadadiario.com\/index.php\/wp-json\/wp\/v2\/posts\/33499\/revisions"}],"predecessor-version":[{"id":33500,"href":"https:\/\/www.actualidadadiario.com\/index.php\/wp-json\/wp\/v2\/posts\/33499\/revisions\/33500"}],"wp:featuredmedia":[{"embeddable":true,"href":"https:\/\/www.actualidadadiario.com\/index.php\/wp-json\/wp\/v2\/media\/7926"}],"wp:attachment":[{"href":"https:\/\/www.actualidadadiario.com\/index.php\/wp-json\/wp\/v2\/media?parent=33499"}],"wp:term":[{"taxonomy":"category","embeddable":true,"href":"https:\/\/www.actualidadadiario.com\/index.php\/wp-json\/wp\/v2\/categories?post=33499"},{"taxonomy":"post_tag","embeddable":true,"href":"https:\/\/www.actualidadadiario.com\/index.php\/wp-json\/wp\/v2\/tags?post=33499"}],"curies":[{"name":"wp","href":"https:\/\/api.w.org\/{rel}","templated":true}]}}