{"id":33496,"date":"2018-09-24T10:47:06","date_gmt":"2018-09-24T13:47:06","guid":{"rendered":"https:\/\/www.actualidadadiario.com\/?p=33496"},"modified":"2018-11-06T19:37:19","modified_gmt":"2018-11-06T22:37:19","slug":"intendentes-radicales-sostuvieron-que-lacoste-es-el-consenso","status":"publish","type":"post","link":"https:\/\/www.actualidadadiario.com\/index.php\/2018\/09\/24\/intendentes-radicales-sostuvieron-que-lacoste-es-el-consenso\/","title":{"rendered":"Intendentes radicales sostuvieron que &#8220;Lacoste es el consenso&#8221;"},"content":{"rendered":"<p><em><strong>Intendentes radicales entrerrianos expresaron que promueven al diputado nacional Jorge Lacoste como \u201cel candidato a presidente del partido que representa las posibilidades reales de alcanzar un sano consenso interno\u201d, en referencia a la pr\u00f3xima conducci\u00f3n del comit\u00e9 provincial de la Uni\u00f3n C\u00edvica Radical de Entre R\u00edos<\/strong><\/em><\/p>\n<p>&nbsp;<\/p>\n<p>&nbsp;<\/p>\n<p>&nbsp;<\/p>\n<p>&nbsp;<\/p>\n<p>&#8220;Entendemos que Lacoste tiene el perfil y las condiciones adecuadas para representar cabalmente las necesidades e intereses que tiene hoy la Uni\u00f3n C\u00edvica Radical de Entre R\u00edos, fortaleciendo Cambiemos &#8220;, sostuvieron.<\/p>\n<p>&nbsp;<\/p>\n<p>Los jefes comunales de La Paz, Bruno Sarubi; Piedras Blancas, Julio Cesar Weisheim; Paran\u00e1, Sergio Varisco; Diamante, L\u00e9nico Aranda; Villa Elisa, Leandro Arribalzaga; Mansilla, Omar Migueles; Maci\u00e1, Rom\u00e1n Troncoso; San Jaime, Felipe Balcaza y Los Conquistadores, Alcides Mi\u00f1o, agregaron: &#8220;Ha demostrado tener un fuerte compromiso militante y vocaci\u00f3n de servicio, valores tan necesarios en estos tiempos, que conjuga con ideas de cambio para fortalecer de la misma manera a nuestro querido partido &#8220;.<\/p>\n<p>&nbsp;<\/p>\n<p>&#8220;Por esto, sobre la base de la presidencia de Jorge Lacoste, nos permitimos invitar a todos los sectores a conformar una conducci\u00f3n fuerte, y s\u00f3lida, que sintetice el pensamiento del radicalismo entrerriano&#8221;, concluyeron.<\/p>\n<p>&nbsp;<\/p>\n<p>Los radicales entrerrianos fueron convocados para elegir nuevas autoridades para el d\u00eda 28 de octubre venidero, por un per\u00edodo de gesti\u00f3n de dos a\u00f1os.<\/p>\n","protected":false},"excerpt":{"rendered":"<p>Intendentes radicales entrerrianos expresaron que promueven al diputado nacional Jorge Lacoste como \u201cel candidato a presidente del partido que representa las posibilidades reales de alcanzar un sano consenso interno\u201d, en referencia a la pr\u00f3xima conducci\u00f3n del comit\u00e9 provincial de la Uni\u00f3n C\u00edvica Radical de Entre R\u00edos &nbsp; &nbsp; &nbsp; &nbsp; &#8220;Entendemos que Lacoste tiene el perfil y las condiciones adecuadas para representar cabalmente las necesidades e intereses que tiene hoy la Uni\u00f3n C\u00edvica Radical de Entre R\u00edos, fortaleciendo Cambiemos &#8220;, sostuvieron. &nbsp; Los jefes comunales de La Paz, Bruno Sarubi;&#8230;<\/p>\n","protected":false},"author":3,"featured_media":33497,"comment_status":"closed","ping_status":"closed","sticky":false,"template":"","format":"standard","meta":[],"categories":[15],"tags":[],"_links":{"self":[{"href":"https:\/\/www.actualidadadiario.com\/index.php\/wp-json\/wp\/v2\/posts\/33496"}],"collection":[{"href":"https:\/\/www.actualidadadiario.com\/index.php\/wp-json\/wp\/v2\/posts"}],"about":[{"href":"https:\/\/www.actualidadadiario.com\/index.php\/wp-json\/wp\/v2\/types\/post"}],"author":[{"embeddable":true,"href":"https:\/\/www.actualidadadiario.com\/index.php\/wp-json\/wp\/v2\/users\/3"}],"replies":[{"embeddable":true,"href":"https:\/\/www.actualidadadiario.com\/index.php\/wp-json\/wp\/v2\/comments?post=33496"}],"version-history":[{"count":1,"href":"https:\/\/www.actualidadadiario.com\/index.php\/wp-json\/wp\/v2\/posts\/33496\/revisions"}],"predecessor-version":[{"id":33498,"href":"https:\/\/www.actualidadadiario.com\/index.php\/wp-json\/wp\/v2\/posts\/33496\/revisions\/33498"}],"wp:featuredmedia":[{"embeddable":true,"href":"https:\/\/www.actualidadadiario.com\/index.php\/wp-json\/wp\/v2\/media\/33497"}],"wp:attachment":[{"href":"https:\/\/www.actualidadadiario.com\/index.php\/wp-json\/wp\/v2\/media?parent=33496"}],"wp:term":[{"taxonomy":"category","embeddable":true,"href":"https:\/\/www.actualidadadiario.com\/index.php\/wp-json\/wp\/v2\/categories?post=33496"},{"taxonomy":"post_tag","embeddable":true,"href":"https:\/\/www.actualidadadiario.com\/index.php\/wp-json\/wp\/v2\/tags?post=33496"}],"curies":[{"name":"wp","href":"https:\/\/api.w.org\/{rel}","templated":true}]}}