{"id":33493,"date":"2018-09-24T10:45:47","date_gmt":"2018-09-24T13:45:47","guid":{"rendered":"https:\/\/www.actualidadadiario.com\/?p=33493"},"modified":"2018-11-06T19:37:19","modified_gmt":"2018-11-06T22:37:19","slug":"la-educacion-tecnico-profesional-una-modalidad-que-crece-en-la-provincia","status":"publish","type":"post","link":"https:\/\/www.actualidadadiario.com\/index.php\/2018\/09\/24\/la-educacion-tecnico-profesional-una-modalidad-que-crece-en-la-provincia\/","title":{"rendered":"La educaci\u00f3n t\u00e9cnico profesional, una modalidad que crece en la provincia"},"content":{"rendered":"<p><em><strong>En la provincia de Entre R\u00edos existen 93 instituciones educativas de la modalidad T\u00e9cnico Profesional que dependen del Consejo General de Educaci\u00f3n. La misma comprende Educaci\u00f3n T\u00e9cnica, Educaci\u00f3n Agrot\u00e9cnica y Centros de Formaci\u00f3n Profesional<\/strong><\/em><\/p>\n<p>&nbsp;<\/p>\n<p>&nbsp;<\/p>\n<p>&nbsp;<\/p>\n<p>&nbsp;<\/p>\n<p>La educaci\u00f3n t\u00e9cnico profesional es la modalidad del sistema educativo que comprende la educaci\u00f3n que brindan las escuelas t\u00e9cnicas y Agrot\u00e9cnicas de Nivel Secundario y los Centros de Formaci\u00f3n Profesional.<\/p>\n<p>&nbsp;<\/p>\n<p>En ese sentido, la presidenta del Consejo General de Educaci\u00f3n (CGE), Marta Iraz\u00e1bal de Land\u00f3, destac\u00f3 el rol de las escuelas t\u00e9cnicas que \u201csuman a la educaci\u00f3n, la formaci\u00f3n para el trabajo, tan importante para los tiempos que vivimos\u201d, y destac\u00f3 que la labor que desarrollan &#8220;es trascendental para el desarrollo de la sociedad, para los j\u00f3venes, para el mundo vinculado con la producci\u00f3n y la cultura del trabajo&#8221;.<\/p>\n<p>&nbsp;<\/p>\n<p>Ante lo cual, Land\u00f3, se\u00f1al\u00f3: &#8220;las escuelas t\u00e9cnicas dejaron de ser talleres donde s\u00f3lo se les ense\u00f1aba a construir bienes, para ser escuelas que forman en capacidades y competencias profesionales&#8221;. En este sentido, subray\u00f3 que &#8220;las escuelas t\u00e9cnicas forman a los estudiantes como ciudadanos cr\u00edticos para continuar estudios superiores e incorporarse al mundo del trabajo&#8221;.<\/p>\n<p>&nbsp;<\/p>\n<p>Sobre la importancia de la modalidad, la funcionaria precis\u00f3 que la Educaci\u00f3n T\u00e9cnica surge y se desarrolla siempre vinculada al trabajo, en concordancia a los distintos proyectos pol\u00edticos del pa\u00eds. Por lo que se considera a la Escuela T\u00e9cnica trascendental para el desarrollo de la sociedad, para los j\u00f3venes, para el mundo vinculado con la producci\u00f3n y la cultura del trabajo.<\/p>\n<p>&nbsp;<\/p>\n<p>La funcionaria destac\u00f3 la importancia de la \u00fanica Ley de Educaci\u00f3n T\u00e9cnico Profesional N\u00ba 26.058 sancionada en el a\u00f1o 2005. &#8220;Esta Ley, nace de la lucha de sectores convencidos de que la esencia de la educaci\u00f3n t\u00e9cnica en cualquiera de sus opciones, promueve una s\u00f3lida formaci\u00f3n general, cient\u00edfica, tecnol\u00f3gica y t\u00e9cnico profesional. Su implementaci\u00f3n vino a devolverle a las escuelas t\u00e9cnicas lo que siempre les perteneci\u00f3: su estructura curricular, sus recursos y organizaci\u00f3n&#8221;, puntualiz\u00f3.<\/p>\n<p>&nbsp;<\/p>\n<p>Por su parte, el director de Educaci\u00f3n T\u00e9cnica del CGE, Andr\u00e9s Rousset, dijo que la modalidad \u201cse da conforme a la Ley Provincial de Educaci\u00f3n N\u00ba 9890 y tiene por objetivos contribuir a la formaci\u00f3n integral de los alumnos atendiendo y profundizando espec\u00edficamente la formaci\u00f3n cient\u00edfica, t\u00e9cnica y tecnol\u00f3gica. Mientras que busca promover el aprendizaje de capacidades, destrezas, valores y actitudes, relacionadas con los criterios y desempe\u00f1os profesionales para satisfacer los requerimientos de todos los sectores de la producci\u00f3n\u201d.<\/p>\n<p>&nbsp;<\/p>\n<p>Actualmente en la provincia existen 54 escuelas t\u00e9cnicas, 31 escuelas Agrot\u00e9cnicas y ocho centros de formaci\u00f3n profesional, con una matr\u00edcula total de 33.415 estudiantes.<\/p>\n<p>&nbsp;<\/p>\n<p>En ese marco, las escuelas de la modalidad de educaci\u00f3n t\u00e9cnica profesional ofrecen un total de 29 especialidades t\u00e9cnicas y 80 trayectos de formaci\u00f3n profesional.<\/p>\n<p>&nbsp;<\/p>\n<p>&nbsp;<\/p>\n<p><strong>Sobre el cursado en las instituciones de la modalidad<\/strong><\/p>\n<p>Cabe se\u00f1alar que la organizaci\u00f3n institucional de las escuelas T\u00e9cnicas y Agrot\u00e9cnicas es de jornada completa para asegurar la formaci\u00f3n te\u00f3rico \u2013 pr\u00e1ctica y el desarrollo de proyectos espec\u00edficos tendientes de mejorar la calidad de aprendizajes. Mientras que los Centros de Formaci\u00f3n presentan una organizaci\u00f3n m\u00e1s flexible y funcionan de acuerdo con las demandas laborales y de servicios de la sociedad local y regional.<\/p>\n","protected":false},"excerpt":{"rendered":"<p>En la provincia de Entre R\u00edos existen 93 instituciones educativas de la modalidad T\u00e9cnico Profesional que dependen del Consejo General de Educaci\u00f3n. La misma comprende Educaci\u00f3n T\u00e9cnica, Educaci\u00f3n Agrot\u00e9cnica y Centros de Formaci\u00f3n Profesional &nbsp; &nbsp; &nbsp; &nbsp; La educaci\u00f3n t\u00e9cnico profesional es la modalidad del sistema educativo que comprende la educaci\u00f3n que brindan las escuelas t\u00e9cnicas y Agrot\u00e9cnicas de Nivel Secundario y los Centros de Formaci\u00f3n Profesional. &nbsp; En ese sentido, la presidenta del Consejo General de Educaci\u00f3n (CGE), Marta Iraz\u00e1bal de Land\u00f3, destac\u00f3 el rol de las escuelas&#8230;<\/p>\n","protected":false},"author":3,"featured_media":33494,"comment_status":"closed","ping_status":"closed","sticky":false,"template":"","format":"standard","meta":[],"categories":[15],"tags":[],"_links":{"self":[{"href":"https:\/\/www.actualidadadiario.com\/index.php\/wp-json\/wp\/v2\/posts\/33493"}],"collection":[{"href":"https:\/\/www.actualidadadiario.com\/index.php\/wp-json\/wp\/v2\/posts"}],"about":[{"href":"https:\/\/www.actualidadadiario.com\/index.php\/wp-json\/wp\/v2\/types\/post"}],"author":[{"embeddable":true,"href":"https:\/\/www.actualidadadiario.com\/index.php\/wp-json\/wp\/v2\/users\/3"}],"replies":[{"embeddable":true,"href":"https:\/\/www.actualidadadiario.com\/index.php\/wp-json\/wp\/v2\/comments?post=33493"}],"version-history":[{"count":1,"href":"https:\/\/www.actualidadadiario.com\/index.php\/wp-json\/wp\/v2\/posts\/33493\/revisions"}],"predecessor-version":[{"id":33495,"href":"https:\/\/www.actualidadadiario.com\/index.php\/wp-json\/wp\/v2\/posts\/33493\/revisions\/33495"}],"wp:featuredmedia":[{"embeddable":true,"href":"https:\/\/www.actualidadadiario.com\/index.php\/wp-json\/wp\/v2\/media\/33494"}],"wp:attachment":[{"href":"https:\/\/www.actualidadadiario.com\/index.php\/wp-json\/wp\/v2\/media?parent=33493"}],"wp:term":[{"taxonomy":"category","embeddable":true,"href":"https:\/\/www.actualidadadiario.com\/index.php\/wp-json\/wp\/v2\/categories?post=33493"},{"taxonomy":"post_tag","embeddable":true,"href":"https:\/\/www.actualidadadiario.com\/index.php\/wp-json\/wp\/v2\/tags?post=33493"}],"curies":[{"name":"wp","href":"https:\/\/api.w.org\/{rel}","templated":true}]}}