{"id":33490,"date":"2018-09-24T10:45:07","date_gmt":"2018-09-24T13:45:07","guid":{"rendered":"https:\/\/www.actualidadadiario.com\/?p=33490"},"modified":"2018-11-06T19:37:19","modified_gmt":"2018-11-06T22:37:19","slug":"bordet-tenemos-responsabilidades-de-gobierno-y-las-cumplimos","status":"publish","type":"post","link":"https:\/\/www.actualidadadiario.com\/index.php\/2018\/09\/24\/bordet-tenemos-responsabilidades-de-gobierno-y-las-cumplimos\/","title":{"rendered":"Bordet: \u201cTenemos responsabilidades de gobierno y las cumplimos\u201d"},"content":{"rendered":"<p><strong><em>El gobernador Gustavo Bordet comparti\u00f3 con los vecinos de Villa Dom\u00ednguez, en el departamento Villaguay, la primera edici\u00f3n del festival Mi pueblo, mis ra\u00edces. Tambi\u00e9n inaugur\u00f3 las luminarias LED de acceso a la localidad y recorri\u00f3 dos establecimientos educativos<\/em><\/strong><\/p>\n<p>&nbsp;<\/p>\n<p>&nbsp;<\/p>\n<p>&nbsp;<\/p>\n<p>\u201cTenemos que trabajar juntos. No hay nada m\u00e1s importante que quienes tenemos responsabilidades de gobierno lo entendamos. Asumimos un compromiso con el pueblo entrerriano y lo estamos cumpliendo llevando adelante un gobierno que se hace cargo\u201d, expres\u00f3 el mandatario.<\/p>\n<p>&nbsp;<\/p>\n<p>Consultado por la prensa local sobre el proyecto de presupuesto nacional que por estas horas se debate en el Congreso, el mandatario ratific\u00f3 que Entre R\u00edos no ceder\u00e1 &#8220;en los derechos sociales, ajustes sobre salarios y jubilaciones, ni en los derechos de las personas que est\u00e1n en situaci\u00f3n de riesgo\u201d.<\/p>\n<p>&nbsp;<\/p>\n<p>Puso de relieve la reciente recuperaci\u00f3n de fondos para la Caja de Jubilaciones a trav\u00e9s de un mecanismo de compensaci\u00f3n, lo que le da previsibilidad a nuestros jubilados entrerrianos, y que ser\u00e1 incluido en el presupuesto nacional.<\/p>\n<p>&nbsp;<\/p>\n<p>\u201cDefendemos los intereses de los entrerrianos y lo hacemos desde el rol para el cual nos vot\u00f3 la mayor\u00eda: para que resolvamos las necesidades de la gente y para que trabajemos en pos de ese objetivo, y no por cuestiones que son hoy son intrascendentes a la hora de pensar en los problemas que todos los d\u00edas tiene el vecino que va a trabajar\u201d.<\/p>\n<p>&nbsp;<\/p>\n<p>A la comunidad de Villa Dom\u00ednguez, Bordet se puso a disposici\u00f3n. \u201cEstamos para trabajar juntos porque las cosas se logran cuando hay este esp\u00edritu solidario. El mismo esp\u00edritu solidario que ponen toda esta gente para apoyar la escuela N\u00b011, y entonces c\u00f3mo nosotros de la provincia no vamos a trabajar para poder llevar adelante las obras que se necesitan en calidad educativa y en salud, para poder desarrollar el turismo dado que Villa Dom\u00ednguez tiene mucho para ofrecer y mostrar&#8221;, manifest\u00f3 este s\u00e1bado tras estar en Villaguay.<\/p>\n<p>&nbsp;<\/p>\n<p>\u201cEsta ciudad que tiene un potencial maravilloso porque se fund\u00f3 con distintas culturas y credos religiosos, pero que hoy en pleno siglo XXI tenemos que trabajar todos juntos: gobierno, instituciones civiles y vecinos para poder cumplir nuestros objetivos&#8221;, remarc\u00f3.<\/p>\n<p>&nbsp;<\/p>\n<p>Coment\u00f3 que, junto al intendente, recorri\u00f3 las dos escuelas primaria y secundaria, adem\u00e1s de otros lugares de la ciudad. &#8220;Estuvimos viendo proyectos que necesita Villa Dom\u00ednquez&#8221;, precis\u00f3 antes de referirse al tiempo en el que hab\u00eda sido intendente y &#8220;todo lo que se tiene que trabajar frente a la comuna un intendente para responder las leg\u00edtimas necesidades que tienen todos los vecinos&#8221;.<\/p>\n<p>&nbsp;<\/p>\n<p>&nbsp;<\/p>\n<p><strong>Luminarias<\/strong><\/p>\n<p>El gobierno de Entre R\u00edos don\u00f3 15 equipos LED de 100 Watts a la municipalidad de Villa Dom\u00ednguez para obras de iluminaci\u00f3n del acceso de la mencionada localidad. Es en el marco de la Responsabilidad Social Empresaria y del Programa Provincial de Alumbrado P\u00fablico Eficiente \u201cMi Ciudad LED\u201d de Enersa.<\/p>\n<p>&nbsp;<\/p>\n<p>Dicha inversi\u00f3n se encuentra direccionada al compromiso manifiesto de Enersa de buscar la eficiencia energ\u00e9tica en la prestaci\u00f3n del servicio p\u00fablico de distribuci\u00f3n de energ\u00eda el\u00e9ctrica, y de posibilitar el acceso de sus usuarios a una iluminaci\u00f3n m\u00e1s efectiva, segura, econ\u00f3mica y amigable con el medio ambiente.<\/p>\n","protected":false},"excerpt":{"rendered":"<p>El gobernador Gustavo Bordet comparti\u00f3 con los vecinos de Villa Dom\u00ednguez, en el departamento Villaguay, la primera edici\u00f3n del festival Mi pueblo, mis ra\u00edces. Tambi\u00e9n inaugur\u00f3 las luminarias LED de acceso a la localidad y recorri\u00f3 dos establecimientos educativos &nbsp; &nbsp; &nbsp; \u201cTenemos que trabajar juntos. No hay nada m\u00e1s importante que quienes tenemos responsabilidades de gobierno lo entendamos. Asumimos un compromiso con el pueblo entrerriano y lo estamos cumpliendo llevando adelante un gobierno que se hace cargo\u201d, expres\u00f3 el mandatario. &nbsp; Consultado por la prensa local sobre el proyecto&#8230;<\/p>\n","protected":false},"author":3,"featured_media":33491,"comment_status":"closed","ping_status":"closed","sticky":false,"template":"","format":"standard","meta":[],"categories":[9,15],"tags":[],"_links":{"self":[{"href":"https:\/\/www.actualidadadiario.com\/index.php\/wp-json\/wp\/v2\/posts\/33490"}],"collection":[{"href":"https:\/\/www.actualidadadiario.com\/index.php\/wp-json\/wp\/v2\/posts"}],"about":[{"href":"https:\/\/www.actualidadadiario.com\/index.php\/wp-json\/wp\/v2\/types\/post"}],"author":[{"embeddable":true,"href":"https:\/\/www.actualidadadiario.com\/index.php\/wp-json\/wp\/v2\/users\/3"}],"replies":[{"embeddable":true,"href":"https:\/\/www.actualidadadiario.com\/index.php\/wp-json\/wp\/v2\/comments?post=33490"}],"version-history":[{"count":1,"href":"https:\/\/www.actualidadadiario.com\/index.php\/wp-json\/wp\/v2\/posts\/33490\/revisions"}],"predecessor-version":[{"id":33492,"href":"https:\/\/www.actualidadadiario.com\/index.php\/wp-json\/wp\/v2\/posts\/33490\/revisions\/33492"}],"wp:featuredmedia":[{"embeddable":true,"href":"https:\/\/www.actualidadadiario.com\/index.php\/wp-json\/wp\/v2\/media\/33491"}],"wp:attachment":[{"href":"https:\/\/www.actualidadadiario.com\/index.php\/wp-json\/wp\/v2\/media?parent=33490"}],"wp:term":[{"taxonomy":"category","embeddable":true,"href":"https:\/\/www.actualidadadiario.com\/index.php\/wp-json\/wp\/v2\/categories?post=33490"},{"taxonomy":"post_tag","embeddable":true,"href":"https:\/\/www.actualidadadiario.com\/index.php\/wp-json\/wp\/v2\/tags?post=33490"}],"curies":[{"name":"wp","href":"https:\/\/api.w.org\/{rel}","templated":true}]}}