{"id":33487,"date":"2018-09-24T10:44:26","date_gmt":"2018-09-24T13:44:26","guid":{"rendered":"https:\/\/www.actualidadadiario.com\/?p=33487"},"modified":"2018-11-06T19:37:19","modified_gmt":"2018-11-06T22:37:19","slug":"hijos-relaciono-el-fallecimiento-del-medico-halac-con-la-causa-por-la-apropiacion-del-melli-valenzuela-negro","status":"publish","type":"post","link":"https:\/\/www.actualidadadiario.com\/index.php\/2018\/09\/24\/hijos-relaciono-el-fallecimiento-del-medico-halac-con-la-causa-por-la-apropiacion-del-melli-valenzuela-negro\/","title":{"rendered":"HIJOS relacion\u00f3 el fallecimiento del m\u00e9dico Halac con la causa por la apropiaci\u00f3n del Melli Valenzuela Negro"},"content":{"rendered":"<p><em><strong>Halac apareci\u00f3 muerto el jueves en el pozo de agua de su casa. En HIJOS marcaron la coincidencia de que en su cl\u00ednica se formaron los acusados por el ocultamiento de los mellizos Valenzuela Negro. No es la primera muerte dudosa en la causa<\/strong><\/em><\/p>\n<p>&nbsp;<\/p>\n<p>&nbsp;<\/p>\n<p>&nbsp;<\/p>\n<p>&nbsp;<\/p>\n<p>La muerte del m\u00e9dico neonat\u00f3logo Eduardo Halac, en la madrugada del jueves, al caer en un pozo de agua en su casa del barrio Rivera Indarte de C\u00f3rdoba puede pasar desapercibida, como as\u00ed tambi\u00e9n su calificaci\u00f3n como \u201cmuerte dudosa\u201d por parte del fiscal Ernesto de Arag\u00f3n. No debe ocurrir. Para HIJOS regional Paran\u00e1 es \u201cinmensamente sospechosa\u201d. \u201cJusto cuando la pista de C\u00f3rdoba como posible destino del Melli Valenzuela Negro se hace p\u00fablica, el m\u00e9dico muere de forma extra\u00f1a\u201d, denuncian.<\/p>\n<p>&nbsp;<\/p>\n<p>Como no creen en las casualidades, desde HIJOS recuerdan que \u201cen la cl\u00ednica de la familia Halac se formaron en neonatolog\u00eda los socios del IPP acusados por la retenci\u00f3n y ocultamiento de los mellizos. Esto nos hace recordar al militar Paul Navone, que apareci\u00f3 suicidado en la misma provincia el d\u00eda que deb\u00eda prestar declaraci\u00f3n indagatoria por estos mismos hechos\u201d.<\/p>\n<p>&nbsp;<\/p>\n<p>El comunicado de HIJOS exige \u201cuna investigaci\u00f3n a fondo de la posible vinculaci\u00f3n de la muerte de Halac con la apropiaci\u00f3n del Melli\u201d. Todo esto ocurri\u00f3 en una semana crucial en el juicio en el que es querellante Sabrina Gullino Valenzuela Negro, quien recuper\u00f3 su identidad el 23 de diciembre de 2008. \u201c\u00bfD\u00f3nde est\u00e1 el Melli?\u201d, es la pregunta que sostienen d\u00eda a d\u00eda los organismos de derechos humanos en el proceso oral y p\u00fablico a Miguel Torrealday, David Vainstub y Jorge Rossi, tres m\u00e9dicos propietarios del Instituto Privado de Pediatr\u00eda de Paran\u00e1, por la apropiaci\u00f3n de los hijos de Raquel Negro y Tulio \u201cTucho\u201d Valenzuela. El jueves pasado, en un careo con Sabrina, la enfermera Stella Maris Cuatr\u00edn repiti\u00f3 que el ni\u00f1o fue llevado a C\u00f3rdoba, est\u00e1 bien y es profesional. El rompecabezas de este proceso, que deja al descubierto la responsabilidad civil durante la dictadura, tambi\u00e9n permite vislumbrar una trama densa.<\/p>\n<p>&nbsp;<\/p>\n<p>Negro y Valenzuela fueron secuestrados el 2 de enero en Mar del Plata, estuvieron cautivos en la Quinta de Funes, cerca de Rosario. El simul\u00f3 colaborar, se escap\u00f3 y denunci\u00f3 en M\u00e9xico el plan del entonces jefe del Comando del II Cuerpo de Ej\u00e9rcito Leopoldo Galtieri para matar a la c\u00fapula montonera. Ella qued\u00f3 como reh\u00e9n, dio a luz a los mellizos en el Hospital Militar de Paran\u00e1 y fue asesinada. Los mellizos fueron trasladados al IPP, donde fueron anotados como Soledad L\u00f3pez y NN L\u00f3pez. Seg\u00fan declar\u00f3 el represor Eduardo Costanzo en la causa Guerrieri (donde se investig\u00f3 la privaci\u00f3n ileg\u00edtima de la libertad de los militantes y la desaparici\u00f3n de Raquel), a la mujer la mataron y la ni\u00f1a fue llevada, el 27 de marzo de 1978, al Hogar del Hu\u00e9rfano de Rosario, donde fue abandonada por dos integrantes de la patota del Ej\u00e9rcito. Esa pista permiti\u00f3 llegar a Sabrina, en diciembre de 2008, quien hab\u00eda\u00a0 sido adoptada de buena fe por una\u00a0\u00a0 familia de Ramallo.<\/p>\n<p>&nbsp;<\/p>\n<p>La restituci\u00f3n de la identidad de Sabrina se dio en el marco de la investigaci\u00f3n en instrucci\u00f3n por los delitos de lesa humanidad cometidos en el Hospital Militar de Paran\u00e1. Navone hab\u00eda sido el jefe de ese hospital en el momento de los hechos, deb\u00eda declarar en febrero de 2008, pidi\u00f3 una pr\u00f3rroga y en el medio apareci\u00f3 muerto. \u201cAdopto esta decisi\u00f3n como el mejor camino para m\u00ed\u201d, escribi\u00f3 en una carta dirigida al juez.<\/p>\n<p>&nbsp;<\/p>\n<p>\u201cTucho no era cualquier militante montonero para ellos. A mi mam\u00e1 Raquel la secuestraron el 2 de enero, nosotros nacimos el 3 de marzo, tuvieron dos meses para decidir qu\u00e9 hacer con ese beb\u00e9, en esa \u00e9poca no se sab\u00eda que eran mellizos hasta poco antes de nacer. A ella la hicieron ir a dos controles. No la estaban cuidando a ella, si despu\u00e9s la mataron. Estaban cuidando al embarazo\u201d, reflexiona en di\u00e1logo con P\u00e1ginaI12 Sabrina Gullino Valenzuela Negro. En el segundo control, Raquel le promete a Jaime Dri que se escaparan a su vuelta, pero no la vuelven a llevar a la Quinta de Funes. \u201cEst\u00e1 15 d\u00edas internada \u2013anotada como sobrina de Galtieri\u2013 en el hospital Militar de Paran\u00e1. Nacemos, a ella se la llevan, los dos beb\u00e9s quedamos en terapia intensiva. Navone era el teniente coronel que era el jefe de toda esa parte del hospital de Paran\u00e1\u201d, rememora Sabrina, que est\u00e1 inmersa en la investigaci\u00f3n, en la b\u00fasqueda de su hermano y todav\u00eda conmocionada por esta nueva muerte que le permite vislumbrar que si bien el juicio contra los propietarios del IPP es una pieza importante en su b\u00fasqueda, hay algo m\u00e1s grande en juego. En esta cadena de responsabilidades, en septiembre de 2008, siempre con el juicio de Hospital Militar de Paran\u00e1 en marcha, Juan Zaccar\u00eda, que hab\u00eda sido el responsable de la terapia intensiva en esos d\u00edas de 1978, hab\u00eda aparecido en su celda, con apariencia de haberse querido ahorcar con un cintur\u00f3n, pero vivo. A la directora del hospital donde lo internaron le dejaron una amenaza. \u201cDecile que se salv\u00f3 en la c\u00e1rcel, pero en el hospital lo vamos a hacer mierda\u201d, era el mensaje.<\/p>\n<p>&nbsp;<\/p>\n<p>Para Sabrina, queda claro que el Melli \u2013as\u00ed le dice a su hermano a falta de m\u00e1s datos\u2013 forma parte de \u201ceste concepto de bot\u00edn de guerra, alguien se lo ha quedado. El Melli estaba destinado a alguien, porque tuvieron dos meses para decidirlo. A m\u00ed me dejaron abandonada es decir que con algo se han quedado\u201d. \u201cPara qu\u00e9 van a cuidar tanto un embarazo de una beb\u00e9 despu\u00e9s dejan abandonada\u201d, se pregunta.<\/p>\n<p>&nbsp;<\/p>\n<p>El juicio que comenz\u00f3 el 6 de agosto en Paran\u00e1 es contra tres m\u00e9dicos, que eran propietarios del IPP, junto a otro, \u00c1ngel Schoreder, que ya falleci\u00f3. \u201cEn este juicio oral y p\u00fablico nos enteramos que al Hospital Militar entra un m\u00e9dico del IPP con una enfermera, que nos va a buscar con una incubadora\u201d, agrega Sabrina.<\/p>\n<p>&nbsp;<\/p>\n<p>Los tres m\u00e9dicos est\u00e1n imputados por la responsabilidad al \u201chaber dado ingreso, permitir la permanencia y la supervivencia de los mellizos y su egreso en manos de personas que no acreditaban c\u00f3mo y bajo qu\u00e9 t\u00edtulo o responsabilidad lo tendr\u00edan, y con eso retenerlos y ocultarlos de qui\u00e9nes son sus leg\u00edtimos tenedores. Y todos los aspectos que mostraban a las claras que ellos sab\u00edan c\u00f3mo hab\u00edan nacido los mellizos y en qu\u00e9 condici\u00f3n hab\u00edan sido derivados al IPP\u201d, explica Sof\u00eda Uranga, abogada querellante de la causa en curso. El titular del tribunal unipersonal es Roberto L\u00f3pez Arango y el fiscal es Jos\u00e9 Candioti. Uranga \u2013abogada de HIJOS Paran\u00e1\u2013 explic\u00f3 que los m\u00e9dicos ten\u00edan una \u201csoberan\u00eda total\u201d sobre lo que ocurr\u00eda en la cl\u00ednica de pediatr\u00eda. De hecho, una de las enfermeras que declar\u00f3 en la causa dijo que \u201cnada ocurr\u00eda sin que lo decidiera Torrealday\u201d. De hecho, la enfermera Cuatr\u00edn tambi\u00e9n indic\u00f3 que eran los propios m\u00e9dicos quienes monitoreaban la salud de los beb\u00e9s, que fueron dados de alta el 27 de marzo de 1978. El rastro del var\u00f3n se detiene all\u00ed.<\/p>\n<p>&nbsp;<\/p>\n<p>C\u00f3mo llegaron los beb\u00e9s al IPP es otro dato que surge del juicio en curso. Hubo una primera consulta al hospital p\u00fablico materno infantil San Roque de Paran\u00e1, cuyo jefe era tambi\u00e9n Torrealday. En el sector privado \u2013adem\u00e1s de mediar alg\u00fan inter\u00e9s econ\u00f3mico\u2013 era m\u00e1s sencillo recibir a dos beb\u00e9s sin padres, ni familiares conocidos.<\/p>\n<p>&nbsp;<\/p>\n<p>Ah\u00ed aparece la conexi\u00f3n con Eduardo Halac, hijo de Jacobo Halac, fundador del Instituto de Neonatolog\u00eda y Pediatr\u00eda de C\u00f3rdoba, m\u00e1s conocido por su apellido. Torrealday era amigo de la familia Halac. De hecho, los m\u00e9dicos de Paran\u00e1 fueron a formarse al Halac. Adem\u00e1s, Torrealday visitaba a frecuentemente a su amigo en C\u00f3rdoba. \u201cLa pista de C\u00f3rdoba la tenemos desde el juicio del hospital militar, pero era una entre tantas. Hab\u00eda una posibilidad que hubieran llevado al Melli al instituto de Halac\u201d, dice Sabrina.<\/p>\n<p>&nbsp;<\/p>\n<p>Una prueba fundamental para el juicio es el libro de ingresos y egresos. \u201cCuando empieza este juicio, lo que ten\u00edamos era ese libro como prueba documental, ellos siempre lo atribu\u00edan que lo hab\u00eda escrito una administrativa que ya falleci\u00f3. Se pidi\u00f3 una pericia caligr\u00e1fica y de all\u00ed sali\u00f3 sin lugar a dudas que al Melli lo anota la enfermera Marta Ofelia G\u00f3mez como NN L\u00f3pez y a m\u00ed Cuatr\u00edn, como Soledad L\u00f3pez. Por eso el tribunal las vuelve a citar a declarar\u201d, relata Sabrina sobre el devenir del proceso. Las dos son enfermeras. G\u00f3mez dijo que no trabajaba en el IPP en esa \u00e9poca, pero eso qued\u00f3 desmentido. El jueves pasado, cuando Cuatr\u00edn quiso eludir las respuestas, enfrent\u00f3 un careo con Sabrina. Eso surgi\u00f3 porque Cuatr\u00edn le hizo saber a Sabrina que despu\u00e9s del juicio iba a hablar. Sabrina la fue a ver apenas recibi\u00f3 el mensaje. All\u00ed la ex enfermera le dijo que si a la ni\u00f1a la llevaron a Rosario, el ni\u00f1o fue a C\u00f3rdoba, porque Torrealday y su madre hab\u00edan alquilado un chalet en esa provincia y ten\u00edan mucha vinculaci\u00f3n con Halac. Tambi\u00e9n le confi\u00f3 que el mellizo vive todav\u00eda all\u00ed y es m\u00e9dico. \u201cMe lo dice a m\u00ed, cuando la citan a ampliar la testimonial, ella no lo dice, pero mis abogados le preguntan y hacemos el careo\u201d. Finalmente, la enfermera confirm\u00f3 todo, y qued\u00f3 flotando que sabe a\u00fan m\u00e1s. Jacobo Halac estaba vinculado con una asociaci\u00f3n cristiana de adopci\u00f3n. El hijo es quien muri\u00f3 de manera dudosa el jueves por la madrugada. Y si bien en la d\u00e9cada del 70 estuvo en Estados Unidos, hasta su muerte form\u00f3 parte del Instituto familiar.<\/p>\n<p>&nbsp;<\/p>\n<p>En el caso de Sabrina y el Melli hay muchos datos, pero faltan a\u00fan testigos que lleven al hombre, hoy de 40 a\u00f1os. En esa reconstrucci\u00f3n, la mayor parte de los datos los dieron las enfermeras del Hospital Militar y algunas del IPP. Una de ellas, despu\u00e9s de declarar, le dijo a Sabrina: \u201cTu hermanito era hermoso\u201d. El pacto de silencio de los m\u00e9dicos parece inquebrantable. Hoy declaran una m\u00e9dica de Paran\u00e1, Amalia Niveyro y dos enfermeras. Una de ellas, de C\u00f3rdoba. \u201cEvidentemente, las enfermeras en este caso no han dicho todo lo que saben. Siempre tengo expectativas de que se rompa el pacto de silencio\u201d, dice Sabrina.<\/p>\n","protected":false},"excerpt":{"rendered":"<p>Halac apareci\u00f3 muerto el jueves en el pozo de agua de su casa. En HIJOS marcaron la coincidencia de que en su cl\u00ednica se formaron los acusados por el ocultamiento de los mellizos Valenzuela Negro. No es la primera muerte dudosa en la causa &nbsp; &nbsp; &nbsp; &nbsp; La muerte del m\u00e9dico neonat\u00f3logo Eduardo Halac, en la madrugada del jueves, al caer en un pozo de agua en su casa del barrio Rivera Indarte de C\u00f3rdoba puede pasar desapercibida, como as\u00ed tambi\u00e9n su calificaci\u00f3n como \u201cmuerte dudosa\u201d por parte del&#8230;<\/p>\n","protected":false},"author":3,"featured_media":33488,"comment_status":"closed","ping_status":"closed","sticky":false,"template":"","format":"standard","meta":[],"categories":[15],"tags":[],"_links":{"self":[{"href":"https:\/\/www.actualidadadiario.com\/index.php\/wp-json\/wp\/v2\/posts\/33487"}],"collection":[{"href":"https:\/\/www.actualidadadiario.com\/index.php\/wp-json\/wp\/v2\/posts"}],"about":[{"href":"https:\/\/www.actualidadadiario.com\/index.php\/wp-json\/wp\/v2\/types\/post"}],"author":[{"embeddable":true,"href":"https:\/\/www.actualidadadiario.com\/index.php\/wp-json\/wp\/v2\/users\/3"}],"replies":[{"embeddable":true,"href":"https:\/\/www.actualidadadiario.com\/index.php\/wp-json\/wp\/v2\/comments?post=33487"}],"version-history":[{"count":1,"href":"https:\/\/www.actualidadadiario.com\/index.php\/wp-json\/wp\/v2\/posts\/33487\/revisions"}],"predecessor-version":[{"id":33489,"href":"https:\/\/www.actualidadadiario.com\/index.php\/wp-json\/wp\/v2\/posts\/33487\/revisions\/33489"}],"wp:featuredmedia":[{"embeddable":true,"href":"https:\/\/www.actualidadadiario.com\/index.php\/wp-json\/wp\/v2\/media\/33488"}],"wp:attachment":[{"href":"https:\/\/www.actualidadadiario.com\/index.php\/wp-json\/wp\/v2\/media?parent=33487"}],"wp:term":[{"taxonomy":"category","embeddable":true,"href":"https:\/\/www.actualidadadiario.com\/index.php\/wp-json\/wp\/v2\/categories?post=33487"},{"taxonomy":"post_tag","embeddable":true,"href":"https:\/\/www.actualidadadiario.com\/index.php\/wp-json\/wp\/v2\/tags?post=33487"}],"curies":[{"name":"wp","href":"https:\/\/api.w.org\/{rel}","templated":true}]}}