{"id":33479,"date":"2018-09-20T11:07:54","date_gmt":"2018-09-20T14:07:54","guid":{"rendered":"https:\/\/www.actualidadadiario.com\/?p=33479"},"modified":"2018-11-06T19:37:19","modified_gmt":"2018-11-06T22:37:19","slug":"feminizacion-de-la-pobreza-como-impacta-el-ajuste-en-las-politicas-de-genero","status":"publish","type":"post","link":"https:\/\/www.actualidadadiario.com\/index.php\/2018\/09\/20\/feminizacion-de-la-pobreza-como-impacta-el-ajuste-en-las-politicas-de-genero\/","title":{"rendered":"Feminizaci\u00f3n de la pobreza: c\u00f3mo impacta el ajuste en las pol\u00edticas de g\u00e9nero"},"content":{"rendered":"<p><em><strong>Economistas aseguran que el desempleo crece entre las mujeres m\u00e1s j\u00f3venes. Consideran clave bajar la informalidad del trabajo dom\u00e9stico<\/strong><\/em><\/p>\n<p>&nbsp;<\/p>\n<p>&nbsp;<\/p>\n<p>&nbsp;<\/p>\n<p>&nbsp;<\/p>\n<p>Los planes de ajuste y la ca\u00edda de la actividad impactan m\u00e1s en las mujeres, que participan de la econom\u00eda con los empleos de segmentos m\u00e1s informales. El recorte del gasto tambi\u00e9n siembra dudas sobre la posibilidad de implementar pol\u00edticas de cuidado, como proponen todos los especialistas, para poder mejorar la participaci\u00f3n de las mujeres en el mercado laboral.<\/p>\n<p>&nbsp;<\/p>\n<p>\u201cHay un primer d\u00e9ficit importante que es la informalidad\u201d, se\u00f1ala la economista Roxana Maurizio, investigadora del Instituto Interdisciplinario de Econom\u00eda Pol\u00edtica, IIEP (UBA-Conicet). Dentro del 34% de trabajo en negro, en las mujeres la cifra sube a 37% mientras que para los hombres es el 32%, detalla en base a los \u00faltimos n\u00fameros oficiales disponibles. \u201cEso es esperable que se agrave con las turbulencias macroecon\u00f3micas\u201d, agrega. Y marca que un cuarto de la informalidad se concentra en el servicio dom\u00e9stico. Pese a los intentos de regularizaci\u00f3n, m\u00e1s del 70% de las mujeres que trabajan en casas particulares est\u00e1n en negro.<\/p>\n<p>&nbsp;<\/p>\n<p>Con la ca\u00edda de la actividad a partir del segundo trimestre de este a\u00f1o, se prev\u00e9 un deterioro del empleo. \u201cLa tasa de desempleo ya era de 9%\u201d, se\u00f1ala Maurizio. Pero en las mujeres era del 11% y en las j\u00f3venes, del 21%, remarca para poner en evidencia el mayor impacto sobre las mujeres que esconde el promedio.<\/p>\n<p>&nbsp;<\/p>\n<p>\u201cSi se confirma una ca\u00edda del -2,4% del PBI, eso implica que el desempleo aumentar\u00eda, salvo que se reduzca la tasa de participaci\u00f3n econ\u00f3mica\u201d, explica la especialista en mercado de trabajo y protecci\u00f3n social. A eso se suma la inestabilidad ocupacional, de ingresos. \u201cLas mujeres tienen tasas m\u00e1s altas de rotaci\u00f3n y salida que triplican las de los hombres\u201d, remarca. Y tambi\u00e9n se agrega la discriminaci\u00f3n salarial.<\/p>\n<p>&nbsp;<\/p>\n<p>&nbsp;<\/p>\n<p><strong>De fondo<\/strong><\/p>\n<p>En el mediano plazo \u201ces necesario avanzar con un sistema nacional de cuidado\u201d, recomienda Maurizio, en l\u00ednea con muchos especialistas. \u201cSon sistemas que reducen las limitaciones que tienen las mujeres para participar del mercado de trabajo\u201d.<\/p>\n<p>&nbsp;<\/p>\n<p>\u201cLas personas con mejores niveles socioecon\u00f3micos tienen m\u00e1s acceso al sistema de cuidado privado. La falta de un servicio p\u00fablico reproduce el c\u00edrculo vicioso de falta de oportunidades en las mujeres de menores ingresos\u201d, detallaba la economista Corina Rodr\u00edguez Enr\u00edquez, Investigadora del Centro Interdisciplinario para el Estudio de Pol\u00edticas P\u00fablicas, en un seminario en la Facultad de Ciencias Econ\u00f3micas de la UBA la semana pasada. \u201cLa feminizaci\u00f3n de la pobreza estuvo creciendo mientras que en el resto de Am\u00e9rica Latina se redujo\u201d, agreg\u00f3.<\/p>\n<p>&nbsp;<\/p>\n<p>Las licencias extendidas para los padres quedaron pendientes por estar atadas a la reforma laboral. \u201cEsta coyuntura no deber\u00eda detener la extensi\u00f3n de derechos a mujeres, menores y adultos mayores que deber\u00edan tener este sistema de cuidado para estar m\u00e1s protegidos\u201d, sostiene Maurizio.<\/p>\n<p>&nbsp;<\/p>\n<p>Agustina Se\u00f1oranz, subsecretaria de Promoci\u00f3n Social, Ministerio de Desarrollo Humano y H\u00e1bitat de la Ciudad de Buenos Aires puso como ejemplo los centros de la primera infancia, que hoy cubren s\u00f3lo el 20% de la demanda de cuidado. \u201cHay 76 centros de primera infancia que abarcan a 11 mil chicos. Se priorizan las vacantes para contextos de vulnerabilidad social\u201d, asegura.<\/p>\n<p>&nbsp;<\/p>\n<p>Para evitar que se agrave en el cuadro de recesi\u00f3n, Maurizio considera que es necesario \u201capuntalar y seguir tratando de reducir la informalidad en el sector de empleadas de casas particulares\u201d, sostiene, adem\u00e1s de \u2013ante todo\u2013 evitar la destrucci\u00f3n de puestos de trabajo formales. En la experiencia internacional, las inspecciones ayudan. Como no se puede entrar en los hogares, recoge el ejemplo de Chile y Colombia, donde esperan a que las empleadas salgan de las casas para fiscalizar.<\/p>\n<p>&nbsp;<\/p>\n<p>La AFIP intim\u00f3 en los \u00faltimos meses a quienes estim\u00f3 que contaban con personal dom\u00e9stico, en base a sus ingresos.<\/p>\n<p>&nbsp;<\/p>\n<p>Otra medida recurre a las transferencias de ingresos, los subsidios. \u201cHay que mejorar la coordinaci\u00f3n entre los programas y extender la cobertura a quienes est\u00e1n en una situaci\u00f3n laboral compleja\u201d, agrega. Y remarca que el \u201cseguro contributivo de desempleo cubre s\u00f3lo al 10% de los desocupados, porque al sector informal no se lo cubre\u201d.<\/p>\n<p>&nbsp;<\/p>\n<p>Por otra parte, marca que es necesario ampliar la cobertura de la asignaci\u00f3n universal por hijo, tanto en beneficiarios como en monto. Seg\u00fan las estimaciones, falta cubrir a 1,5 mill\u00f3n de chicos mientras que el monto actual no llega a cubrir una canasta alimentaria b\u00e1sica.<\/p>\n","protected":false},"excerpt":{"rendered":"<p>Economistas aseguran que el desempleo crece entre las mujeres m\u00e1s j\u00f3venes. Consideran clave bajar la informalidad del trabajo dom\u00e9stico &nbsp; &nbsp; &nbsp; &nbsp; Los planes de ajuste y la ca\u00edda de la actividad impactan m\u00e1s en las mujeres, que participan de la econom\u00eda con los empleos de segmentos m\u00e1s informales. El recorte del gasto tambi\u00e9n siembra dudas sobre la posibilidad de implementar pol\u00edticas de cuidado, como proponen todos los especialistas, para poder mejorar la participaci\u00f3n de las mujeres en el mercado laboral. &nbsp; \u201cHay un primer d\u00e9ficit importante que es&#8230;<\/p>\n","protected":false},"author":3,"featured_media":33480,"comment_status":"closed","ping_status":"closed","sticky":false,"template":"","format":"standard","meta":[],"categories":[4],"tags":[],"_links":{"self":[{"href":"https:\/\/www.actualidadadiario.com\/index.php\/wp-json\/wp\/v2\/posts\/33479"}],"collection":[{"href":"https:\/\/www.actualidadadiario.com\/index.php\/wp-json\/wp\/v2\/posts"}],"about":[{"href":"https:\/\/www.actualidadadiario.com\/index.php\/wp-json\/wp\/v2\/types\/post"}],"author":[{"embeddable":true,"href":"https:\/\/www.actualidadadiario.com\/index.php\/wp-json\/wp\/v2\/users\/3"}],"replies":[{"embeddable":true,"href":"https:\/\/www.actualidadadiario.com\/index.php\/wp-json\/wp\/v2\/comments?post=33479"}],"version-history":[{"count":1,"href":"https:\/\/www.actualidadadiario.com\/index.php\/wp-json\/wp\/v2\/posts\/33479\/revisions"}],"predecessor-version":[{"id":33481,"href":"https:\/\/www.actualidadadiario.com\/index.php\/wp-json\/wp\/v2\/posts\/33479\/revisions\/33481"}],"wp:featuredmedia":[{"embeddable":true,"href":"https:\/\/www.actualidadadiario.com\/index.php\/wp-json\/wp\/v2\/media\/33480"}],"wp:attachment":[{"href":"https:\/\/www.actualidadadiario.com\/index.php\/wp-json\/wp\/v2\/media?parent=33479"}],"wp:term":[{"taxonomy":"category","embeddable":true,"href":"https:\/\/www.actualidadadiario.com\/index.php\/wp-json\/wp\/v2\/categories?post=33479"},{"taxonomy":"post_tag","embeddable":true,"href":"https:\/\/www.actualidadadiario.com\/index.php\/wp-json\/wp\/v2\/tags?post=33479"}],"curies":[{"name":"wp","href":"https:\/\/api.w.org\/{rel}","templated":true}]}}