{"id":33470,"date":"2018-09-20T11:04:55","date_gmt":"2018-09-20T14:04:55","guid":{"rendered":"https:\/\/www.actualidadadiario.com\/?p=33470"},"modified":"2018-11-06T19:37:23","modified_gmt":"2018-11-06T22:37:23","slug":"evo-felicita-a-chile-y-agradece-el-apoyo-a-la-demanda-maritima","status":"publish","type":"post","link":"https:\/\/www.actualidadadiario.com\/index.php\/2018\/09\/20\/evo-felicita-a-chile-y-agradece-el-apoyo-a-la-demanda-maritima\/","title":{"rendered":"Evo felicita a Chile y agradece el apoyo a la demanda mar\u00edtima"},"content":{"rendered":"<p><em><strong>El presidente Evo Morales envi\u00f3 un saludo al pueblo chileno por la celebraci\u00f3n de sus fiestas patrias, manifest\u00f3 su optimismo por un futuro de paz entre Bolivia y Chile y agradeci\u00f3 a los chilenos que a su juicio comparten la demanda mar\u00edtima boliviana<\/strong><\/em><\/p>\n<p>&nbsp;<\/p>\n<p>&nbsp;<\/p>\n<p>&nbsp;<\/p>\n<p>En momentos en que las relaciones entre nuestros pa\u00edses ingresan en una nueva era de paz, saludamos al hermano pueblo de #Chile en sus fiestas patrias. Asimismo, agradecemos a los hermanos chilenos que se solidarizan con la reivindicaci\u00f3n mar\u00edtima boliviana. \u00a1Felicidades!, escribi\u00f3 en twitter.<\/p>\n<p>&nbsp;<\/p>\n<p>Chile celebra sus fiestas patrias en recuerdo del 18 de septiembre de 1810, fecha de la Primera Junta Nacional de Gobierno tras su independencia de la corona espa\u00f1ola.<\/p>\n<p>&nbsp;<\/p>\n<p>El mensaje del mandatario boliviano se produce despu\u00e9s de que ayer invitara al presidente de Chile, Sebasti\u00e1n Pi\u00f1era, a \u201ccerrar las heridas abiertas hace m\u00e1s de cien a\u00f1os\u201d por la demanda boliviana de una salida al mar, ante la proximidad del fallo de la corte de La Haya sobre este pedido, previsto para el pr\u00f3ximo 1 de octubre.<\/p>\n<p>&nbsp;<\/p>\n<p>En una comparecencia en la sede del Gobierno boliviano en La Paz, el jefe de Estado asegur\u00f3 que la causa de su pa\u00eds tiene apoyos incluso dentro de Chile.<\/p>\n<p>&nbsp;<\/p>\n<p>La Corte Internacional de Justicia de Naciones Unidas con sede en La Haya tiene previsto el 1 de octubre emitir su fallo en la demanda que Bolivia present\u00f3 en 2013, para que obligue a Chile a negociar sobre un acceso soberano al oc\u00e9ano Pac\u00edfico.<\/p>\n<p>&nbsp;<\/p>\n<p>Sebasti\u00e1n Pi\u00f1era respondi\u00f3 a la invitaci\u00f3n de su hom\u00f3logo boliviano indicando que est\u00e1 dispuesto a \u201cdialogar\u201d pero siempre \u201crespetando los tratados vigentes\u201d, en referencia al acuerdo de 1904 con Bolivia \u201choy plenamente vigente, que fij\u00f3 en forma clara los l\u00edmites entre ambos pa\u00edses\u201d, por lo que la integridad territorial chilena no es negociable para su Gobierno.<\/p>\n<p>&nbsp;<\/p>\n","protected":false},"excerpt":{"rendered":"<p>El presidente Evo Morales envi\u00f3 un saludo al pueblo chileno por la celebraci\u00f3n de sus fiestas patrias, manifest\u00f3 su optimismo por un futuro de paz entre Bolivia y Chile y agradeci\u00f3 a los chilenos que a su juicio comparten la demanda mar\u00edtima boliviana &nbsp; &nbsp; &nbsp; En momentos en que las relaciones entre nuestros pa\u00edses ingresan en una nueva era de paz, saludamos al hermano pueblo de #Chile en sus fiestas patrias. Asimismo, agradecemos a los hermanos chilenos que se solidarizan con la reivindicaci\u00f3n mar\u00edtima boliviana. \u00a1Felicidades!, escribi\u00f3 en twitter&#8230;.<\/p>\n","protected":false},"author":3,"featured_media":33471,"comment_status":"closed","ping_status":"closed","sticky":false,"template":"","format":"standard","meta":[],"categories":[4],"tags":[],"_links":{"self":[{"href":"https:\/\/www.actualidadadiario.com\/index.php\/wp-json\/wp\/v2\/posts\/33470"}],"collection":[{"href":"https:\/\/www.actualidadadiario.com\/index.php\/wp-json\/wp\/v2\/posts"}],"about":[{"href":"https:\/\/www.actualidadadiario.com\/index.php\/wp-json\/wp\/v2\/types\/post"}],"author":[{"embeddable":true,"href":"https:\/\/www.actualidadadiario.com\/index.php\/wp-json\/wp\/v2\/users\/3"}],"replies":[{"embeddable":true,"href":"https:\/\/www.actualidadadiario.com\/index.php\/wp-json\/wp\/v2\/comments?post=33470"}],"version-history":[{"count":1,"href":"https:\/\/www.actualidadadiario.com\/index.php\/wp-json\/wp\/v2\/posts\/33470\/revisions"}],"predecessor-version":[{"id":33472,"href":"https:\/\/www.actualidadadiario.com\/index.php\/wp-json\/wp\/v2\/posts\/33470\/revisions\/33472"}],"wp:featuredmedia":[{"embeddable":true,"href":"https:\/\/www.actualidadadiario.com\/index.php\/wp-json\/wp\/v2\/media\/33471"}],"wp:attachment":[{"href":"https:\/\/www.actualidadadiario.com\/index.php\/wp-json\/wp\/v2\/media?parent=33470"}],"wp:term":[{"taxonomy":"category","embeddable":true,"href":"https:\/\/www.actualidadadiario.com\/index.php\/wp-json\/wp\/v2\/categories?post=33470"},{"taxonomy":"post_tag","embeddable":true,"href":"https:\/\/www.actualidadadiario.com\/index.php\/wp-json\/wp\/v2\/tags?post=33470"}],"curies":[{"name":"wp","href":"https:\/\/api.w.org\/{rel}","templated":true}]}}