{"id":33464,"date":"2018-09-20T11:03:25","date_gmt":"2018-09-20T14:03:25","guid":{"rendered":"https:\/\/www.actualidadadiario.com\/?p=33464"},"modified":"2018-11-06T19:37:23","modified_gmt":"2018-11-06T22:37:23","slug":"la-onu-nombro-un-representante-especial-para-atender-la-crisis-migratoria-venezolana","status":"publish","type":"post","link":"https:\/\/www.actualidadadiario.com\/index.php\/2018\/09\/20\/la-onu-nombro-un-representante-especial-para-atender-la-crisis-migratoria-venezolana\/","title":{"rendered":"La ONU nombr\u00f3 un representante especial para atender la crisis migratoria venezolana"},"content":{"rendered":"<p><em><strong>Fue designado para la funci\u00f3n el ex vicepresidente de Guatemala Eduardo Stein, quien \u201ctrabajar\u00e1 para promover el di\u00e1logo y el consenso necesarios para la respuesta humanitaria\u201d, seg\u00fan informaron desde el organismo<\/strong><\/em><\/p>\n<p>&nbsp;<\/p>\n<p>&nbsp;<\/p>\n<p>&nbsp;<\/p>\n<p>&nbsp;<\/p>\n<p>El ex vicepresidente de Guatemala Eduardo Stein fue nombrado este mi\u00e9rcoles representante especial de la ONU para los refugiados y migrantes de Venezuela, despu\u00e9s de que Colombia pidiera ayuda para enfrentar el flujo de venezolanos que huyen de la crisis en su pa\u00eds.<\/p>\n<p>&nbsp;<\/p>\n<p>Eduardo Stein &#8220;trabajar\u00e1 para promover el di\u00e1logo y el consenso necesarios para la respuesta humanitaria, incluyendo el acceso a territorio, protecci\u00f3n de los refugiados, estatuto regular, y la identificaci\u00f3n de soluciones para refugiados y migrantes venezolanos&#8221;, se\u00f1alaron en un comunicado conjunto la Agencia de la ONU para los Refugiados (Acnur) y la Organizaci\u00f3n Internacional para las Migraciones (OIM).<\/p>\n<p>&nbsp;<\/p>\n<p>El ex vicepresidente guatemalteco (quien ocup\u00f3 el cargo entre 2004 y 2008) &#8220;promover\u00e1 un enfoque regional coherente y armonizado de cara a la situaci\u00f3n de Venezuela en coordinaci\u00f3n con los gobiernos nacionales, las organizaciones internacionales y otros actores relevantes&#8221;, explica el texto.<\/p>\n<p>&nbsp;<\/p>\n<p>El nombramiento llega dos d\u00edas despu\u00e9s de que el canciller colombiano, Carlos Holmes Trujillo, pidiera en Ginebra la creaci\u00f3n de &#8220;un fondo humanitario de emergencia para fortalecer la capacidad presupuestal a fin de hacerle frente&#8221; a la crisis pol\u00edtica y econ\u00f3mica en Venezuela.<\/p>\n<p>&nbsp;<\/p>\n<p>&nbsp;<\/p>\n<p>&nbsp;<\/p>\n<p>El titular de Relaciones Exteriores colombiano se\u00f1al\u00f3 tambi\u00e9n &#8220;la necesidad de la designaci\u00f3n de un alto funcionario dentro del marco de Naciones Unidas, cuya tarea sea coordinar la acci\u00f3n multilateral&#8221;.<\/p>\n<p>&nbsp;<\/p>\n<p>&#8220;Cuanto m\u00e1s pronto mejor, porque la crisis aumenta de una manera dram\u00e1tica d\u00eda a d\u00eda&#8221;, dijo Trujillo el lunes ante la prensa, tras reunirse con la Alta Comisionada de la ONU para los Derechos Humanos, Michelle Bachelet.<\/p>\n<p>&nbsp;<\/p>\n<p>Colombia, que comparte 2.200 kil\u00f3metros de la frontera con Venezuela, ya hab\u00eda advertido en las \u00faltimas semanas que no ten\u00eda capacidad para enfrentar en solitario la llegada de migrantes venezolanos, que super\u00f3 el mill\u00f3n de personas en los \u00faltimos a\u00f1os, de los que 820.000 regularizaron su situaci\u00f3n.<\/p>\n<p>&nbsp;<\/p>\n<p>&#8220;Yo me temo que esa cifra es mayor y nos preocupa much\u00edsimo la tendencia que est\u00e1n presentando esas cifras, porque de seguir como van estar\u00edamos hablando de cerca de 4 millones de Venezolanos al final de este a\u00f1o fuera de su pa\u00eds&#8221;, alert\u00f3 Trujillo.<\/p>\n<p>&nbsp;<\/p>\n<p>Bogot\u00e1 congel\u00f3 pr\u00e1cticamente sus relaciones con el gobierno venezolano, en rechazo a la Asamblea Constituyente de plenos poderes y bajo control chavista que rige en Venezuela desde hace m\u00e1s de un a\u00f1o. Tambi\u00e9n promueve elecciones &#8220;libres&#8221;.<\/p>\n<p>&nbsp;<\/p>\n<p>&nbsp;<\/p>\n<p><strong>Rechazos a la ayuda<\/strong><\/p>\n<p>Los venezolanos est\u00e1n ahogados en una crisis caracterizada por hiperinflaci\u00f3n, pobreza, falta de servicios p\u00fablicos y escasez de productos de primera necesidad, especialmente de medicamentos y alimentos.<\/p>\n<p>&nbsp;<\/p>\n<p>Seg\u00fan la ONU, de los 2,3 millones de venezolanos que viven en el extranjero, m\u00e1s de 1,6 millones abandonaron el pa\u00eds desde 2015, cuando se empezaron a sentir las consecuencias de la crisis en el pa\u00eds.<\/p>\n<p>&nbsp;<\/p>\n<p>El presidente venezolano, Nicol\u00e1s Maduro, ha rechazado los ofrecimientos de ayuda de diferentes pa\u00edses, incluida Colombia, y niega que exista una crisis migratoria, aun cuando sus vecinos insisten en las repercusiones regionales de lo que ocurre en Venezuela, el pa\u00eds con las mayores reservas de petr\u00f3leo en el mundo.<\/p>\n<p>&nbsp;<\/p>\n<p>Tradicionalmente, la mayor\u00eda de venezolanos migraban a Colombia, Estados Unidos y Espa\u00f1a, pero desde 2015 el flujo migratorio de Venezuela (con una poblaci\u00f3n de 30,6 millones de personas) a otros pa\u00edses aument\u00f3. En Per\u00fa, por ejemplo, se multiplic\u00f3 por 150.<\/p>\n<p>&nbsp;<\/p>\n<p>Ante esa situaci\u00f3n, Lima comenz\u00f3 a exigirles pasaporte desde finales de agosto y puso de plazo hasta el 31 de octubre para solicitar el Permiso Temporal de Permanencia, lo que redujo la llegada de venezolanos a Per\u00fa en un tercio, seg\u00fan cifras oficiales.<\/p>\n<p>&nbsp;<\/p>\n<p>A principios de septiembre, l\u00edderes de 11 pa\u00edses latinoamericanos reunidos en Quito exhortaron a Maduro a aceptar ayuda humanitaria con el fin de &#8220;descomprimir&#8221; la crisis que est\u00e1 tras el \u00e9xodo de venezolanos, &#8220;brindando atenci\u00f3n inmediata en origen a los ciudadanos afectados&#8221;.<\/p>\n<p>&nbsp;<\/p>\n<p>El secretario general de la Organizaci\u00f3n de Estados Americanos (OEA), Luis Almagro, anunci\u00f3 tambi\u00e9n hace dos semanas la creaci\u00f3n de un grupo de trabajo para evaluar el impacto de la migraci\u00f3n venezolana y captar fondos para cumplir con sus recomendaciones.<\/p>\n","protected":false},"excerpt":{"rendered":"<p>Fue designado para la funci\u00f3n el ex vicepresidente de Guatemala Eduardo Stein, quien \u201ctrabajar\u00e1 para promover el di\u00e1logo y el consenso necesarios para la respuesta humanitaria\u201d, seg\u00fan informaron desde el organismo &nbsp; &nbsp; &nbsp; &nbsp; El ex vicepresidente de Guatemala Eduardo Stein fue nombrado este mi\u00e9rcoles representante especial de la ONU para los refugiados y migrantes de Venezuela, despu\u00e9s de que Colombia pidiera ayuda para enfrentar el flujo de venezolanos que huyen de la crisis en su pa\u00eds. &nbsp; Eduardo Stein &#8220;trabajar\u00e1 para promover el di\u00e1logo y el consenso necesarios&#8230;<\/p>\n","protected":false},"author":3,"featured_media":33465,"comment_status":"closed","ping_status":"closed","sticky":false,"template":"","format":"standard","meta":[],"categories":[4],"tags":[],"_links":{"self":[{"href":"https:\/\/www.actualidadadiario.com\/index.php\/wp-json\/wp\/v2\/posts\/33464"}],"collection":[{"href":"https:\/\/www.actualidadadiario.com\/index.php\/wp-json\/wp\/v2\/posts"}],"about":[{"href":"https:\/\/www.actualidadadiario.com\/index.php\/wp-json\/wp\/v2\/types\/post"}],"author":[{"embeddable":true,"href":"https:\/\/www.actualidadadiario.com\/index.php\/wp-json\/wp\/v2\/users\/3"}],"replies":[{"embeddable":true,"href":"https:\/\/www.actualidadadiario.com\/index.php\/wp-json\/wp\/v2\/comments?post=33464"}],"version-history":[{"count":1,"href":"https:\/\/www.actualidadadiario.com\/index.php\/wp-json\/wp\/v2\/posts\/33464\/revisions"}],"predecessor-version":[{"id":33466,"href":"https:\/\/www.actualidadadiario.com\/index.php\/wp-json\/wp\/v2\/posts\/33464\/revisions\/33466"}],"wp:featuredmedia":[{"embeddable":true,"href":"https:\/\/www.actualidadadiario.com\/index.php\/wp-json\/wp\/v2\/media\/33465"}],"wp:attachment":[{"href":"https:\/\/www.actualidadadiario.com\/index.php\/wp-json\/wp\/v2\/media?parent=33464"}],"wp:term":[{"taxonomy":"category","embeddable":true,"href":"https:\/\/www.actualidadadiario.com\/index.php\/wp-json\/wp\/v2\/categories?post=33464"},{"taxonomy":"post_tag","embeddable":true,"href":"https:\/\/www.actualidadadiario.com\/index.php\/wp-json\/wp\/v2\/tags?post=33464"}],"curies":[{"name":"wp","href":"https:\/\/api.w.org\/{rel}","templated":true}]}}