{"id":33453,"date":"2018-09-20T10:55:13","date_gmt":"2018-09-20T13:55:13","guid":{"rendered":"https:\/\/www.actualidadadiario.com\/?p=33453"},"modified":"2018-11-06T19:37:23","modified_gmt":"2018-11-06T22:37:23","slug":"carrio-quiere-la-defensoria-del-pueblo-para-que-no-pongan-a-un-peronista","status":"publish","type":"post","link":"https:\/\/www.actualidadadiario.com\/index.php\/2018\/09\/20\/carrio-quiere-la-defensoria-del-pueblo-para-que-no-pongan-a-un-peronista\/","title":{"rendered":"Carri\u00f3 quiere la Defensor\u00eda del Pueblo para que no pongan a un peronista"},"content":{"rendered":"<p><em><strong>Quieren meter el proyecto para cubrir la vacante en medio de la negociaci\u00f3n por el Presupuesto<\/strong><\/em><\/p>\n<p>&nbsp;<\/p>\n<p>&nbsp;<\/p>\n<p>&nbsp;<\/p>\n<p>&nbsp;<\/p>\n<p>Elisa Carri\u00f3 quiere que su partido se quede con la Defensor\u00eda del Pueblo de la Naci\u00f3n, un cargo vacante desde 2009 que el Gobierno no logr\u00f3 cubrir el a\u00f1o pasado pese a las febriles negociaciones con el peronismo.<\/p>\n<p>&nbsp;<\/p>\n<p>A nueve a\u00f1os de la renuncia de Eduardo Mondino, el Congreso inici\u00f3 otra vez el proceso para buscar su reemplazante, que necesita el apoyo de los dos tercios de ambas C\u00e1maras. Un n\u00famero s\u00f3lo posible en momentos de negociaciones a gran escala. Es por eso que en el Gobierno quieren colar este tema en medio de la discusi\u00f3n por el Presupuesto 2019.<\/p>\n<p>&nbsp;<\/p>\n<p>La costumbre indica que la Defensor\u00eda la ocupa un opositor al Gobierno de turno, sin embargo Lilita no quiere que el organismo quede en manos de un peronista. Desde el a\u00f1o pasado empuja al fiscal Jos\u00e9 Mar\u00eda Campagnoli, a quien tambi\u00e9n hab\u00eda propuesto sin \u00e9xito para la Procuraci\u00f3n General. Sus exigencias chocar\u00e1n de frente con el PJ, incluso con los sectores m\u00e1s dialoguistas con el Gobierno.<\/p>\n<p>&nbsp;<\/p>\n<p>Hasta los \u00faltimos d\u00edas del a\u00f1o pasado el Gobierno negoci\u00f3 con el PJ, que impulsaba una terna integrada por Humberto Roggero, Jorge Sarghini y Alejandro Amor.<\/p>\n<p>&nbsp;<\/p>\n<p>La Bicameral de Defensor\u00eda del Pueblo que presid\u00eda la senadora macrista Marta Varela qued\u00f3 en manos de un diputado radical, el pampeano Daniel Kroneberger.<\/p>\n<p>&nbsp;<\/p>\n<p>Para quitarle al Senado la presidencia de la C\u00e1mara fue clave la presi\u00f3n del jefe de bloque del PRO en la C\u00e1mara baja, Nicol\u00e1s Massot, que exigi\u00f3 la presidencia para esa C\u00e1mara o de lo contrario no mandar\u00eda a los diputados para que integren la comisi\u00f3n.<\/p>\n","protected":false},"excerpt":{"rendered":"<p>Quieren meter el proyecto para cubrir la vacante en medio de la negociaci\u00f3n por el Presupuesto &nbsp; &nbsp; &nbsp; &nbsp; Elisa Carri\u00f3 quiere que su partido se quede con la Defensor\u00eda del Pueblo de la Naci\u00f3n, un cargo vacante desde 2009 que el Gobierno no logr\u00f3 cubrir el a\u00f1o pasado pese a las febriles negociaciones con el peronismo. &nbsp; A nueve a\u00f1os de la renuncia de Eduardo Mondino, el Congreso inici\u00f3 otra vez el proceso para buscar su reemplazante, que necesita el apoyo de los dos tercios de ambas C\u00e1maras&#8230;.<\/p>\n","protected":false},"author":3,"featured_media":33454,"comment_status":"closed","ping_status":"closed","sticky":false,"template":"","format":"standard","meta":[],"categories":[18],"tags":[],"_links":{"self":[{"href":"https:\/\/www.actualidadadiario.com\/index.php\/wp-json\/wp\/v2\/posts\/33453"}],"collection":[{"href":"https:\/\/www.actualidadadiario.com\/index.php\/wp-json\/wp\/v2\/posts"}],"about":[{"href":"https:\/\/www.actualidadadiario.com\/index.php\/wp-json\/wp\/v2\/types\/post"}],"author":[{"embeddable":true,"href":"https:\/\/www.actualidadadiario.com\/index.php\/wp-json\/wp\/v2\/users\/3"}],"replies":[{"embeddable":true,"href":"https:\/\/www.actualidadadiario.com\/index.php\/wp-json\/wp\/v2\/comments?post=33453"}],"version-history":[{"count":1,"href":"https:\/\/www.actualidadadiario.com\/index.php\/wp-json\/wp\/v2\/posts\/33453\/revisions"}],"predecessor-version":[{"id":33455,"href":"https:\/\/www.actualidadadiario.com\/index.php\/wp-json\/wp\/v2\/posts\/33453\/revisions\/33455"}],"wp:featuredmedia":[{"embeddable":true,"href":"https:\/\/www.actualidadadiario.com\/index.php\/wp-json\/wp\/v2\/media\/33454"}],"wp:attachment":[{"href":"https:\/\/www.actualidadadiario.com\/index.php\/wp-json\/wp\/v2\/media?parent=33453"}],"wp:term":[{"taxonomy":"category","embeddable":true,"href":"https:\/\/www.actualidadadiario.com\/index.php\/wp-json\/wp\/v2\/categories?post=33453"},{"taxonomy":"post_tag","embeddable":true,"href":"https:\/\/www.actualidadadiario.com\/index.php\/wp-json\/wp\/v2\/tags?post=33453"}],"curies":[{"name":"wp","href":"https:\/\/api.w.org\/{rel}","templated":true}]}}