{"id":33450,"date":"2018-09-20T10:53:50","date_gmt":"2018-09-20T13:53:50","guid":{"rendered":"https:\/\/www.actualidadadiario.com\/?p=33450"},"modified":"2018-11-06T19:37:23","modified_gmt":"2018-11-06T22:37:23","slug":"el-gobierno-reserva-una-ayuda-social-extraordinaria-para-la-negociacion-final-del-presupuesto","status":"publish","type":"post","link":"https:\/\/www.actualidadadiario.com\/index.php\/2018\/09\/20\/el-gobierno-reserva-una-ayuda-social-extraordinaria-para-la-negociacion-final-del-presupuesto\/","title":{"rendered":"El Gobierno reserva una ayuda social extraordinaria para la negociaci\u00f3n final del Presupuesto"},"content":{"rendered":"<p><strong><em>Ser\u00eda un refuerzo para evitar que las organizaciones sociales copen las calles<\/em><\/strong><\/p>\n<p>&nbsp;<\/p>\n<p>&nbsp;<\/p>\n<p>&nbsp;<\/p>\n<p>&nbsp;<\/p>\n<p>El Gobierno se guard\u00f3 margen fiscal para meter una baza en el tramo final de la negociaci\u00f3n del Presupuesto: Alguna suerte de compensaci\u00f3n o bono de fin de a\u00f1o para los beneficiarios de planes sociales, para atenuar el impacto de la recesi\u00f3n en curso en los sectores m\u00e1s desprotegidos.<\/p>\n<p>&nbsp;<\/p>\n<p>Las organizaciones sociales que comenzaron a incrementar su presi\u00f3n en la calle reclaman la declaraci\u00f3n de la emergencia alimentaria, una figura que servir\u00eda para justiciar una nueva ayuda social y paliar los efectos de la inflaci\u00f3n, que el Gobierno reconoce en 42%.<\/p>\n<p>&nbsp;<\/p>\n<p>Hace dos semanas se sumaron al pedido los ministros de Desarrollo Social de las provincias gobernadas peronistas, pero la ministra Carolina Stanley, por ahora, no respondi\u00f3.<\/p>\n<p>&nbsp;<\/p>\n<p>Tampoco la consiguieron certezas los diputados macristas que le preguntaron por refuerzos en la ayuda social a Marcos Pe\u00f1a y Rogelio Frigerio, en la reuni\u00f3n que mantuvieron en la Casa Rosada hace una semana.<\/p>\n<p>&nbsp;<\/p>\n<p>El aporte ya est\u00e1 contemplado en el presupuesto y por lo tanto no afectar\u00eda el plan de d\u00e9ficit cero que present\u00f3 Nicol\u00e1s Dujovne.<\/p>\n<p>&nbsp;<\/p>\n<p>&#8220;No lo queremos anunciar ahora para que no nos corran el arco, pero algo habr\u00e1&#8221;, confi\u00f3 a LPO una fuente oficial que trabaja en la letra chica del presupuesto.<\/p>\n<p>&nbsp;<\/p>\n<p>En el oficialismo a\u00fan definen si la ayuda deber\u00eda formar parte del presupuesto o en otra ley, tal vez para cerrar el a\u00f1o legislativo y prevenir desbordes de fin de a\u00f1o.<\/p>\n<p>&nbsp;<\/p>\n<p>Fue lo que hicieron en 2016, con la declaraci\u00f3n de la emergencia social y un aporte de 30 mil millones de pesos a distribuir entre las principales organizaciones. El ejecutor, esa vez, fue Mario Quintana.<\/p>\n<p>&nbsp;<\/p>\n<p>La agenda del Congreso est\u00e1 acotada el presupuesto, que en el Gobierno buscan aprobar en Diputados en octubre y rematarlo en el Senado en noviembre, el \u00faltimo mes para realizar sesiones ordinarias.<\/p>\n<p>&nbsp;<\/p>\n<p>En esos d\u00edas son habituales las sesiones de cierre, con decenas de proyectos pendientes y alguno que el Gobierno considere central para cerrar el a\u00f1o. La emergencia social puede ser uno, si ya no est\u00e1 en el presupuesto y las movilizaciones se hacen incontrolables.<\/p>\n","protected":false},"excerpt":{"rendered":"<p>Ser\u00eda un refuerzo para evitar que las organizaciones sociales copen las calles &nbsp; &nbsp; &nbsp; &nbsp; El Gobierno se guard\u00f3 margen fiscal para meter una baza en el tramo final de la negociaci\u00f3n del Presupuesto: Alguna suerte de compensaci\u00f3n o bono de fin de a\u00f1o para los beneficiarios de planes sociales, para atenuar el impacto de la recesi\u00f3n en curso en los sectores m\u00e1s desprotegidos. &nbsp; Las organizaciones sociales que comenzaron a incrementar su presi\u00f3n en la calle reclaman la declaraci\u00f3n de la emergencia alimentaria, una figura que servir\u00eda para&#8230;<\/p>\n","protected":false},"author":3,"featured_media":33451,"comment_status":"closed","ping_status":"closed","sticky":false,"template":"","format":"standard","meta":[],"categories":[18],"tags":[],"_links":{"self":[{"href":"https:\/\/www.actualidadadiario.com\/index.php\/wp-json\/wp\/v2\/posts\/33450"}],"collection":[{"href":"https:\/\/www.actualidadadiario.com\/index.php\/wp-json\/wp\/v2\/posts"}],"about":[{"href":"https:\/\/www.actualidadadiario.com\/index.php\/wp-json\/wp\/v2\/types\/post"}],"author":[{"embeddable":true,"href":"https:\/\/www.actualidadadiario.com\/index.php\/wp-json\/wp\/v2\/users\/3"}],"replies":[{"embeddable":true,"href":"https:\/\/www.actualidadadiario.com\/index.php\/wp-json\/wp\/v2\/comments?post=33450"}],"version-history":[{"count":1,"href":"https:\/\/www.actualidadadiario.com\/index.php\/wp-json\/wp\/v2\/posts\/33450\/revisions"}],"predecessor-version":[{"id":33452,"href":"https:\/\/www.actualidadadiario.com\/index.php\/wp-json\/wp\/v2\/posts\/33450\/revisions\/33452"}],"wp:featuredmedia":[{"embeddable":true,"href":"https:\/\/www.actualidadadiario.com\/index.php\/wp-json\/wp\/v2\/media\/33451"}],"wp:attachment":[{"href":"https:\/\/www.actualidadadiario.com\/index.php\/wp-json\/wp\/v2\/media?parent=33450"}],"wp:term":[{"taxonomy":"category","embeddable":true,"href":"https:\/\/www.actualidadadiario.com\/index.php\/wp-json\/wp\/v2\/categories?post=33450"},{"taxonomy":"post_tag","embeddable":true,"href":"https:\/\/www.actualidadadiario.com\/index.php\/wp-json\/wp\/v2\/tags?post=33450"}],"curies":[{"name":"wp","href":"https:\/\/api.w.org\/{rel}","templated":true}]}}