{"id":33444,"date":"2018-09-20T10:51:04","date_gmt":"2018-09-20T13:51:04","guid":{"rendered":"https:\/\/www.actualidadadiario.com\/?p=33444"},"modified":"2018-11-06T19:37:23","modified_gmt":"2018-11-06T22:37:23","slug":"la-justicia-federal-freno-el-ajuste-a-las-pensiones-por-discapacidad","status":"publish","type":"post","link":"https:\/\/www.actualidadadiario.com\/index.php\/2018\/09\/20\/la-justicia-federal-freno-el-ajuste-a-las-pensiones-por-discapacidad\/","title":{"rendered":"La Justicia federal fren\u00f3 el ajuste a las pensiones por discapacidad"},"content":{"rendered":"<p><em><strong>Una jueza orden\u00f3 restituir los beneficios a personas con discapacidad en diez d\u00edas. El fallo rige para todo el pa\u00eds, para beneficios interrumpidos desde enero de 2017, incluso las que el beneficiario opt\u00f3 por dejar para continuar con otra<\/strong><\/em><\/p>\n<p>&nbsp;<\/p>\n<p>&nbsp;<\/p>\n<p>&nbsp;<\/p>\n<p>La Justicia Federal determin\u00f3 que el Estado debe restituir en un plazo de diez d\u00edas las pensiones no contributivas por invalidez suspendidas en todo el pa\u00eds, con excepci\u00f3n de Viedma (donde cursa otra causa por el mismo tema), public\u00f3 P\u00e1gina12. La sentencia del Juzgado Federal de la Seguridad Social N\u00b0 8, a cargo de Adriana Cammarata, se\u00f1ala que la falta de pago de las prestaciones resulta &#8220;lesivo, con arbitrariedad e ilegitimidad manifiestas&#8221; de los derechos y garant\u00edas contemplados tanto en la Constituci\u00f3n como en los tratados internacionales. El fallo abarca a todas las pensiones que fueron suspendidas o interrumpidas desde enero de 2017, incluso aquellas en la que el mismo beneficiario opt\u00f3 por dejar la prestaci\u00f3n para poder continuar con otra.<\/p>\n<p>&nbsp;<\/p>\n<p>&nbsp;<\/p>\n<p><strong>Sin el debido proceso<\/strong><\/p>\n<p>Ante la suspensi\u00f3n de las pensiones por invalidez la Red por los Derechos de las personas por la Discapacidad en 2017 radic\u00f3 una denuncia. El recorte del beneficio afect\u00f3 a m\u00e1s de 170 mil personas. &#8220;El fallo reconoce que el Estado no puede actuar sin el debido proceso, que para recortar derechos ya reconocidos tienen que notificar a los interesados y darles la oportunidad de defensa&#8221;, explic\u00f3 la abogada de REDI Varina Suleiman.<\/p>\n<p>&nbsp;<\/p>\n<p>A la sentencia se sum\u00f3 la presentaci\u00f3n del Defensor del Pueblo de la Provincia de Buenos Aires, Guido Lorenzino, patrocinando a una mujer, Irene Gadea, a quien le cortaron el beneficio de un d\u00eda para el otro a pesar de contar con un 80 por ciento de invalidez. Entre los fundamentos, la Defensor\u00eda hab\u00eda resaltado que la mayor\u00eda de las personas con discapacidad est\u00e1 bajo la l\u00ednea de pobreza, con lo cual su indefensi\u00f3n y la vulnerabilidad de sus derechos es a\u00fan mayor. &#8220;Este fallo representa la restituci\u00f3n de derechos que nunca se tendr\u00edan que haber quitado a uno de los sectores m\u00e1s d\u00e9biles de la sociedad&#8221;, evalu\u00f3 Luis Morales, secretario de Legal y T\u00e9cnica de la Defensor\u00eda.<\/p>\n<p>&nbsp;<\/p>\n<p>&nbsp;<\/p>\n<p><strong>Restituir las pensiones<\/strong><\/p>\n<p>Desde diciembre de 2015, cuando asumi\u00f3 el gobierno de Cambiemos, el Ministerio de Desarrollo Social, a cargo de Carolina Stanley, dio de baja unas 170.000 pensiones por invalidez mediante un endurecimiento de las condiciones para acceder al beneficio. En noviembre de 2017, la C\u00e1mara de Seguridad Social le hab\u00eda ordenado a la ministra Stanley restituir todas las pensiones mientras el proceso judicial segu\u00eda su curso. Con el fallo de Cammarata todas esas prestaciones deber\u00e1n ser restituidas pero &#8220;de forma definitiva&#8221;, seg\u00fan explic\u00f3 Suleiman.<\/p>\n<p>&nbsp;<\/p>\n<p>&#8220;Ac\u00e1 tiene que quedar claro que el corte de pensiones fue arbitrario e ileg\u00edtimo y que esa restituci\u00f3n no fue voluntaria, fue s\u00f3lo cumpliendo la orden judicial. No fue un error como pretendieron comunicar&#8221;, puntualiz\u00f3 la abogada. El fallo no incluye a las pensiones que fueron suspendidas en 2016, por lo cual REDI apelar\u00e1 este apartado en particular.<\/p>\n<p>&nbsp;<\/p>\n<p>&nbsp;<\/p>\n<p><strong>C\u00f3mo deben hacer<\/strong><\/p>\n<p>El fallo de Cammarata ordena al Estado tambi\u00e9n a que &#8220;se abstenga&#8221; de tomar otras medidas similares a futuro y le aplica una multa de 300 pesos por cada d\u00eda de demora por cada beneficiario. &#8220;Si el Gobierno apela, va a demostrar que no era cierto que quer\u00edan restituir los beneficios&#8221;, afirm\u00f3 Suleiman. En esa misma l\u00ednea, Morales destac\u00f3 que &#8220;tras la decisi\u00f3n pol\u00edtica del Gobierno de quitar pensiones sin previa revisi\u00f3n&#8221;, pueden llegar a apelar aunque esperan que no lo hagan.<\/p>\n<p>&nbsp;<\/p>\n<p>Para poder cobrar las pensiones suspendidas, los afectados deber\u00e1n denunciar solamente el nombre y domicilio de cada uno de los beneficiarios, tipo y n\u00famero de beneficio, fecha original de otorgamiento de la prestaci\u00f3n, fecha en que fue dado de baja, suspendido o interrumpido el pago y, en su caso, fecha en que se restituy\u00f3.<\/p>\n","protected":false},"excerpt":{"rendered":"<p>Una jueza orden\u00f3 restituir los beneficios a personas con discapacidad en diez d\u00edas. El fallo rige para todo el pa\u00eds, para beneficios interrumpidos desde enero de 2017, incluso las que el beneficiario opt\u00f3 por dejar para continuar con otra &nbsp; &nbsp; &nbsp; La Justicia Federal determin\u00f3 que el Estado debe restituir en un plazo de diez d\u00edas las pensiones no contributivas por invalidez suspendidas en todo el pa\u00eds, con excepci\u00f3n de Viedma (donde cursa otra causa por el mismo tema), public\u00f3 P\u00e1gina12. La sentencia del Juzgado Federal de la Seguridad&#8230;<\/p>\n","protected":false},"author":3,"featured_media":33445,"comment_status":"closed","ping_status":"closed","sticky":false,"template":"","format":"standard","meta":[],"categories":[2],"tags":[],"_links":{"self":[{"href":"https:\/\/www.actualidadadiario.com\/index.php\/wp-json\/wp\/v2\/posts\/33444"}],"collection":[{"href":"https:\/\/www.actualidadadiario.com\/index.php\/wp-json\/wp\/v2\/posts"}],"about":[{"href":"https:\/\/www.actualidadadiario.com\/index.php\/wp-json\/wp\/v2\/types\/post"}],"author":[{"embeddable":true,"href":"https:\/\/www.actualidadadiario.com\/index.php\/wp-json\/wp\/v2\/users\/3"}],"replies":[{"embeddable":true,"href":"https:\/\/www.actualidadadiario.com\/index.php\/wp-json\/wp\/v2\/comments?post=33444"}],"version-history":[{"count":1,"href":"https:\/\/www.actualidadadiario.com\/index.php\/wp-json\/wp\/v2\/posts\/33444\/revisions"}],"predecessor-version":[{"id":33446,"href":"https:\/\/www.actualidadadiario.com\/index.php\/wp-json\/wp\/v2\/posts\/33444\/revisions\/33446"}],"wp:featuredmedia":[{"embeddable":true,"href":"https:\/\/www.actualidadadiario.com\/index.php\/wp-json\/wp\/v2\/media\/33445"}],"wp:attachment":[{"href":"https:\/\/www.actualidadadiario.com\/index.php\/wp-json\/wp\/v2\/media?parent=33444"}],"wp:term":[{"taxonomy":"category","embeddable":true,"href":"https:\/\/www.actualidadadiario.com\/index.php\/wp-json\/wp\/v2\/categories?post=33444"},{"taxonomy":"post_tag","embeddable":true,"href":"https:\/\/www.actualidadadiario.com\/index.php\/wp-json\/wp\/v2\/tags?post=33444"}],"curies":[{"name":"wp","href":"https:\/\/api.w.org\/{rel}","templated":true}]}}