{"id":33429,"date":"2018-09-20T10:45:27","date_gmt":"2018-09-20T13:45:27","guid":{"rendered":"https:\/\/www.actualidadadiario.com\/?p=33429"},"modified":"2018-11-06T19:37:23","modified_gmt":"2018-11-06T22:37:23","slug":"por-la-sequia-y-el-menor-consumo-la-economia-cayo-42-en-el-segundo-trimestre","status":"publish","type":"post","link":"https:\/\/www.actualidadadiario.com\/index.php\/2018\/09\/20\/por-la-sequia-y-el-menor-consumo-la-economia-cayo-42-en-el-segundo-trimestre\/","title":{"rendered":"Por la sequ\u00eda y el menor consumo, la econom\u00eda cay\u00f3 4,2% en el segundo trimestre"},"content":{"rendered":"<p><em><strong>La crisis cambiaria se sum\u00f3 a partir de abril al efecto sobre la cosecha. La construcci\u00f3n todav\u00eda traccionaba<\/strong><\/em><\/p>\n<p>&nbsp;<\/p>\n<p>&nbsp;<\/p>\n<p>&nbsp;<\/p>\n<p>&nbsp;<\/p>\n<p>La econom\u00eda registr\u00f3 una ca\u00edda del 4,2% en el segundo trimestre de este a\u00f1o en la comparaci\u00f3n interanual, lo que deja al acumulado del primer semestre con un descenso del 0,5 por ciento. As\u00ed lo inform\u00f3 el Indec por medio de un comunicado en el cual detalla el Informe de Avance de la Actividad Econ\u00f3mica del segundo trimestre del a\u00f1o.<\/p>\n<p>&nbsp;<\/p>\n<p>El efecto de la sequ\u00eda golpe\u00f3 de lleno en la actividad econ\u00f3mica del segundo trimestre, pero tambi\u00e9n se sintieron en ese per\u00edodo el menor consumo producto de la crisis cambiaria y la consiguiente devaluaci\u00f3n que se empez\u00f3 a registrar a partir de fines de abril. Tal es as\u00ed que el segundo trimestre con relaci\u00f3n al primero de este a\u00f1o la econom\u00eda cay\u00f3 4 por ciento. Pero esta cifra se potencia mucho m\u00e1s si se toma en cuenta que el primer trimestre del a\u00f1o hab\u00eda dado un crecimiento interanual del 3,9 por ciento.<\/p>\n<p>&nbsp;<\/p>\n<p>El efecto de la sequ\u00eda queda sintetizada en la ca\u00edda del 31,6% en el segundo trimestre en su comparaci\u00f3n interanual. Dentro de los distintos rubros que conforman la actividad econ\u00f3mica, ese sector fue el que registr\u00f3 mayor ca\u00edda. Le sigui\u00f3 la pesca con un descenso del 13,7 por ciento, transporte y comunicaciones con retracci\u00f3n del 3,8 por ciento, la industria con una baja del 1,8 por ciento, el comercio mayorista y minorista con descenso del 1,6 por ciento y el sector de restaurante y hoteles tambi\u00e9n en negativo, en este caso del 0,4 por ciento.<\/p>\n<p>&nbsp;<\/p>\n<p>&nbsp;<\/p>\n<p><strong>Construcci\u00f3n<\/strong><\/p>\n<p>Por el lado positivo se observaron mejoras en explotaci\u00f3n de minas y canteras (4,5%), construcci\u00f3n (5,5), la intermediaci\u00f3n financiera (8,7%), la actividad inmobiliaria y empresarial (3,8), y los servicios sociales y de salud (2%). A su vez, la inversi\u00f3n bruta tuvo un crecimiento en el segundo trimestre del 3,1% interanual, impulsada esencialmente por la construcci\u00f3n, la cual mostr\u00f3 una mejora del 5,4 por ciento en la formaci\u00f3n de capital.<\/p>\n","protected":false},"excerpt":{"rendered":"<p>La crisis cambiaria se sum\u00f3 a partir de abril al efecto sobre la cosecha. La construcci\u00f3n todav\u00eda traccionaba &nbsp; &nbsp; &nbsp; &nbsp; La econom\u00eda registr\u00f3 una ca\u00edda del 4,2% en el segundo trimestre de este a\u00f1o en la comparaci\u00f3n interanual, lo que deja al acumulado del primer semestre con un descenso del 0,5 por ciento. As\u00ed lo inform\u00f3 el Indec por medio de un comunicado en el cual detalla el Informe de Avance de la Actividad Econ\u00f3mica del segundo trimestre del a\u00f1o. &nbsp; El efecto de la sequ\u00eda golpe\u00f3 de&#8230;<\/p>\n","protected":false},"author":3,"featured_media":33430,"comment_status":"closed","ping_status":"closed","sticky":false,"template":"","format":"standard","meta":[],"categories":[2],"tags":[],"_links":{"self":[{"href":"https:\/\/www.actualidadadiario.com\/index.php\/wp-json\/wp\/v2\/posts\/33429"}],"collection":[{"href":"https:\/\/www.actualidadadiario.com\/index.php\/wp-json\/wp\/v2\/posts"}],"about":[{"href":"https:\/\/www.actualidadadiario.com\/index.php\/wp-json\/wp\/v2\/types\/post"}],"author":[{"embeddable":true,"href":"https:\/\/www.actualidadadiario.com\/index.php\/wp-json\/wp\/v2\/users\/3"}],"replies":[{"embeddable":true,"href":"https:\/\/www.actualidadadiario.com\/index.php\/wp-json\/wp\/v2\/comments?post=33429"}],"version-history":[{"count":1,"href":"https:\/\/www.actualidadadiario.com\/index.php\/wp-json\/wp\/v2\/posts\/33429\/revisions"}],"predecessor-version":[{"id":33431,"href":"https:\/\/www.actualidadadiario.com\/index.php\/wp-json\/wp\/v2\/posts\/33429\/revisions\/33431"}],"wp:featuredmedia":[{"embeddable":true,"href":"https:\/\/www.actualidadadiario.com\/index.php\/wp-json\/wp\/v2\/media\/33430"}],"wp:attachment":[{"href":"https:\/\/www.actualidadadiario.com\/index.php\/wp-json\/wp\/v2\/media?parent=33429"}],"wp:term":[{"taxonomy":"category","embeddable":true,"href":"https:\/\/www.actualidadadiario.com\/index.php\/wp-json\/wp\/v2\/categories?post=33429"},{"taxonomy":"post_tag","embeddable":true,"href":"https:\/\/www.actualidadadiario.com\/index.php\/wp-json\/wp\/v2\/tags?post=33429"}],"curies":[{"name":"wp","href":"https:\/\/api.w.org\/{rel}","templated":true}]}}