{"id":33424,"date":"2018-09-20T10:42:34","date_gmt":"2018-09-20T13:42:34","guid":{"rendered":"https:\/\/www.actualidadadiario.com\/?p=33424"},"modified":"2018-11-06T19:37:23","modified_gmt":"2018-11-06T22:37:23","slug":"el-superior-tribunal-postergo-la-definicion-sobre-la-camara-de-casacion-de-concordia","status":"publish","type":"post","link":"https:\/\/www.actualidadadiario.com\/index.php\/2018\/09\/20\/el-superior-tribunal-postergo-la-definicion-sobre-la-camara-de-casacion-de-concordia\/","title":{"rendered":"El Superior Tribunal posterg\u00f3 la definici\u00f3n sobre la C\u00e1mara de Casaci\u00f3n de Concordia"},"content":{"rendered":"<p><em><strong>En la reuni\u00f3n de acuerdo los integrantes del Superior Tribunal de Justicia decidieron diferir la elecci\u00f3n de los tres integrantes transitorios de la C\u00e1mara de Casaci\u00f3n Penal de Concordia hasta tanto se abra el concurso por parte del Consejo de la Magistratura y se produzcan las inscripciones. La selecci\u00f3n de los integrantes del Tribunal se har\u00e1 sobre la base del listado de los anotados para participar de ese concurso. Esto postergar\u00e1 la puesta en marcha de la C\u00e1mara, que estaba prevista comience a funcionar el 1\u00ba de octubre<\/strong><\/em><\/p>\n<p>&nbsp;<\/p>\n<p>&nbsp;<\/p>\n<p>&nbsp;<\/p>\n<p>&nbsp;<\/p>\n<p>La decisi\u00f3n del Superior Tribunal se da en medio de presiones cruzadas, tanto desde sectores pol\u00edticos como del propio entorno tribunalicio. El Gobierno hab\u00eda logrado colocar a Julio Federik, abogado penalista con m\u00e1s de 40 a\u00f1os de ejercicio de la profesi\u00f3n y autor del C\u00f3digo Procesal Penal de la Provincia, como uno de los tres integrantes de la C\u00e1mara que deber\u00e1 actuar como alzada de los juicios del centro este de la provincia.<\/p>\n<p>&nbsp;<\/p>\n<p>Por otro lado, se posicionaron las figuras de Gustavo Perroud (juez de Garant\u00edas de Concordia) y Silvina Isabel Gallo (presidenta del Tribunal de Juicio de la misma jurisdicci\u00f3n) para completar la terna. Pero el radicalismo hab\u00eda mocionado a trav\u00e9s del senador por Paran\u00e1 al abogado Guillermo Mulet, esgrimiendo que era el candidato de Cambiemos y que contaba con el respaldo del Ministro del Interior, Rogelio Frigerio, algo que desde el PRO desvirtuaron casi de inmediato, requiriendo que la elecci\u00f3n de los camaristas se haga a trav\u00e9s del proceso normal (v\u00eda el Consejo de la Magistratura) y no por excepci\u00f3n (apelando a la facultad discrecional del Superior Tribunal para definir transitoriamente quienes integrar\u00e1n el cuerpo hasta tanto se conozca el resultado del concurso).<\/p>\n<p>&nbsp;<\/p>\n<p>En el \u00ednterin, la Asociaci\u00f3n de Magistrados, que representa los intereses de la llamada \u201cfamilia judicial\u201d (el entramado de relaciones de amistad y familiares que atraviesa los tribunales locales) sali\u00f3 a fijar posici\u00f3n y reclam\u00f3 que quienes se sienten en los lugares de jueces de C\u00e1mara de Concordia hayan pasado alguna vez por el Consejo de la Magistratura. El veto estuvo claramente dirigido a Mulet, que nunca concurs\u00f3 por un cargo, aunque en la misma situaci\u00f3n estaba Federik, quien se desempe\u00f1\u00f3 sin embargo en varias ocasiones como jurado titular de varios concursos (Mulet s\u00f3lo estuvo en una oportunidad en calidad de suplente).<\/p>\n<p>&nbsp;<\/p>\n<p>Adem\u00e1s, Pablo Biaggini, secretario de Justicia y presidente del Consejo de la Magistratura (cuyos nuevos integrantes se incorporaron en los \u00faltimos d\u00edas), indic\u00f3 a esta Agencia que en la pr\u00f3xima reuni\u00f3n se iba a tratar el llamado a concurso de Casaci\u00f3n Penal de Concordia.<\/p>\n<p>&nbsp;<\/p>\n<p>As\u00ed las cosas, la integraci\u00f3n y puesta en marcha de la C\u00e1mara se dilatar\u00e1n por varios meses, dado que el Consejo tendr\u00e1 que poner en marcha todo el mecanismo de convocatoria y selecci\u00f3n de candidatos. De all\u00ed saldr\u00e1n los integrantes provisorios. Para seleccionar los definitivos, el Consejo deber\u00e1 evaluar las candidaturas, puntuar y elevar posteriormente los pliegos al Ejecutivo, que deber\u00e1 remitirlos al Senado para su evaluaci\u00f3n en audiencia p\u00fablica previamente a su tratamiento y aprobaci\u00f3n.<\/p>\n","protected":false},"excerpt":{"rendered":"<p>En la reuni\u00f3n de acuerdo los integrantes del Superior Tribunal de Justicia decidieron diferir la elecci\u00f3n de los tres integrantes transitorios de la C\u00e1mara de Casaci\u00f3n Penal de Concordia hasta tanto se abra el concurso por parte del Consejo de la Magistratura y se produzcan las inscripciones. La selecci\u00f3n de los integrantes del Tribunal se har\u00e1 sobre la base del listado de los anotados para participar de ese concurso. Esto postergar\u00e1 la puesta en marcha de la C\u00e1mara, que estaba prevista comience a funcionar el 1\u00ba de octubre &nbsp; &nbsp;&#8230;<\/p>\n","protected":false},"author":3,"featured_media":33425,"comment_status":"closed","ping_status":"closed","sticky":false,"template":"","format":"standard","meta":[],"categories":[15],"tags":[],"_links":{"self":[{"href":"https:\/\/www.actualidadadiario.com\/index.php\/wp-json\/wp\/v2\/posts\/33424"}],"collection":[{"href":"https:\/\/www.actualidadadiario.com\/index.php\/wp-json\/wp\/v2\/posts"}],"about":[{"href":"https:\/\/www.actualidadadiario.com\/index.php\/wp-json\/wp\/v2\/types\/post"}],"author":[{"embeddable":true,"href":"https:\/\/www.actualidadadiario.com\/index.php\/wp-json\/wp\/v2\/users\/3"}],"replies":[{"embeddable":true,"href":"https:\/\/www.actualidadadiario.com\/index.php\/wp-json\/wp\/v2\/comments?post=33424"}],"version-history":[{"count":1,"href":"https:\/\/www.actualidadadiario.com\/index.php\/wp-json\/wp\/v2\/posts\/33424\/revisions"}],"predecessor-version":[{"id":33426,"href":"https:\/\/www.actualidadadiario.com\/index.php\/wp-json\/wp\/v2\/posts\/33424\/revisions\/33426"}],"wp:featuredmedia":[{"embeddable":true,"href":"https:\/\/www.actualidadadiario.com\/index.php\/wp-json\/wp\/v2\/media\/33425"}],"wp:attachment":[{"href":"https:\/\/www.actualidadadiario.com\/index.php\/wp-json\/wp\/v2\/media?parent=33424"}],"wp:term":[{"taxonomy":"category","embeddable":true,"href":"https:\/\/www.actualidadadiario.com\/index.php\/wp-json\/wp\/v2\/categories?post=33424"},{"taxonomy":"post_tag","embeddable":true,"href":"https:\/\/www.actualidadadiario.com\/index.php\/wp-json\/wp\/v2\/tags?post=33424"}],"curies":[{"name":"wp","href":"https:\/\/api.w.org\/{rel}","templated":true}]}}