{"id":33421,"date":"2018-09-20T10:41:54","date_gmt":"2018-09-20T13:41:54","guid":{"rendered":"https:\/\/www.actualidadadiario.com\/?p=33421"},"modified":"2018-11-06T19:37:23","modified_gmt":"2018-11-06T22:37:23","slug":"entre-rios-adhirio-a-la-ley-nacional-que-establece-el-uso-de-cannabis-medicinal","status":"publish","type":"post","link":"https:\/\/www.actualidadadiario.com\/index.php\/2018\/09\/20\/entre-rios-adhirio-a-la-ley-nacional-que-establece-el-uso-de-cannabis-medicinal\/","title":{"rendered":"Entre R\u00edos adhiri\u00f3 a la ley nacional que establece el uso de cannabis medicinal"},"content":{"rendered":"<p><em><strong>Los senadores provinciales aprobaron en la sesi\u00f3n de este mi\u00e9rcoles la adhesi\u00f3n de Entre R\u00edos a la ley nacional 27.350 que establece el uso medicinal de la planta de Cannabis y sus derivados<\/strong><\/em><\/p>\n<p>&nbsp;<\/p>\n<p>&nbsp;<\/p>\n<p>&nbsp;<\/p>\n<p>&nbsp;<\/p>\n<p>Se trata del marco regulatorio \u201cpara la investigaci\u00f3n m\u00e9dica y cient\u00edfica del uso medicinal\u201d de esta planta.<\/p>\n<p>&nbsp;<\/p>\n<p>La iniciativa ven\u00eda siendo promovida por la asociaci\u00f3n \u201cMam\u00e1 Cultiva\u201d &#8211; entre otras medidas- para otorgar un marco legal a la investigaci\u00f3n m\u00e9dica y cient\u00edfica del uso medicinal del cannabis y su cultivo, en el marco de pol\u00edticas p\u00fablicas que permitan y faciliten su uso medicinal.<\/p>\n<p>&nbsp;<\/p>\n<p>\u201cHemos escuchado los testimonios de familiares que vienen bregando por el uso medicinal, terap\u00e9utico y operativo del dolor de la planta de cannabis y entendemos que sancionar esta ley se basa en el derecho de las y los pacientes, pero permitir\u00e1 adem\u00e1s, brindar informaci\u00f3n sobre el tema y que muchas personas puedan mejorar la calidad de vida de sus familiares mediante esta alternativa\u201d, se\u00f1al\u00f3 el senador \u00c1ngel Giano al informar sobre el proyecto de ley, de autor\u00eda de la diputada Miriam Lambert.<\/p>\n<p>&nbsp;<\/p>\n<p>La iniciativa fue llevada ante la legislatura provincial a trav\u00e9s de un grupo de madres, nucleadas en \u201cMam\u00e1 cultiva Argentina\u201d que durante largo tiempo han visto el deterioro de sus hijas e hijos por enfermedades.<\/p>\n<p>&nbsp;<\/p>\n<p>Se trata de madres y padres, cuyos hijas e hijos han padecido encefalopat\u00edas severas, problemas de fibromialgias, artrosis y distintas enfermedades altamente discapacitantes, que han encontrado mejoras notables cuando los tratamientos son a base de cannabis, ya sea aceites o sus derivados.<\/p>\n<p>&nbsp;<\/p>\n<p>Categ\u00f3ricamente indicaron que con medicaci\u00f3n convencional \u201clo \u00fanico que ve\u00edamos es que nuestros hijos estaban dopados, se babeaban, estaban \u2018desconectados\u2019 por los efectos adversos de la medicaci\u00f3n\u201d. Sin embargo al optar por el uso medicinal del cannabis esos efectos desaparecen: \u201cpuede hablar, puede comunicarse, se mantiene parada, algo que antes era impensado\u201d se\u00f1alaron los padres de una nena que padece de convulsiones nocturnas y que la \u00faltima que tuvo fue hace un a\u00f1o, justo antes de empezar a utilizar el aceite.<\/p>\n<p>&nbsp;<\/p>\n<p>Los familiares que participaron del debate producido en el \u00e1mbito de la Comisi\u00f3n de Salud, se\u00f1alaron que adem\u00e1s de los efectos adversos de la medicaci\u00f3n convencional, la familia pasa por un proceso que las mantiene devastadas, pero descubrieron que el uso del cannabis medicinal les permit\u00eda cambiar la calidad de vida.<\/p>\n<p>&nbsp;<\/p>\n<p>\u201cDescubrir la planta y sus propiedades nos llev\u00f3 a descubrir tambi\u00e9n la necesidad de cambiar las reglas de un sistema que condena a nuestres hijes y familiares a la exclusi\u00f3n y la medicalizaci\u00f3n\u201d indicaron desde \u201cMam\u00e1 cultiva Argentina en Entre R\u00edos\u201d.<\/p>\n<p>&nbsp;<\/p>\n<p>\u201cSe trata de una ley que nos permite tambi\u00e9n desarticular ciertos prejuicios y mandatos culturales y empezar a tomar los resultados que cient\u00edficamente se est\u00e1n generando en torno al uso medicinal del cannabis\u201d indic\u00f3 Giano al se\u00f1alar que es necesario adem\u00e1s \u201creconocer el derecho de las personas a decidir sobre los tratamientos y desde una visi\u00f3n de la salud desde un enfoque m\u00e1s humanitario\u201d.<\/p>\n<p>&nbsp;<\/p>\n<p>&nbsp;<\/p>\n<p><strong>Qu\u00e9 dice el proyecto aprobado<\/strong><\/p>\n<p>El proyecto que sancion\u00f3 el Senado adhiere a Entre R\u00edos a la Ley Nacional 27.350 y faculta al Poder Ejecutivo Provincial a celebrar convenios con el Ministerio de Salud de la Naci\u00f3n y\/o la autoridad competente, a efectos de incorporarse al \u201cPrograma Nacional para el estudio y la investigaci\u00f3n del uso medicinal de la planta de cannabis, sus derivados y tratamientos no convencionales\u201d.<\/p>\n<p>&nbsp;<\/p>\n<p>Se propone como autoridad de aplicaci\u00f3n al ministerio de Salud de Entre R\u00edos y crea dentro de ese \u00e1mbito un registro voluntario a los fines de autorizar en virtud de lo dispuesto por el art\u00edculo 8\u00ba de la Ley Nacional, que es la inscripci\u00f3n de los pacientes y familiares que presentando las patolog\u00edas incluidas en la reglamentaci\u00f3n y prescriptas por m\u00e9dicos matriculados, sean usuarios de aceite de c\u00e1\u00f1amo y otros derivados de la planta de cannabis, con el resguardo de protecci\u00f3n de confidencialidad de datos personales.<\/p>\n","protected":false},"excerpt":{"rendered":"<p>Los senadores provinciales aprobaron en la sesi\u00f3n de este mi\u00e9rcoles la adhesi\u00f3n de Entre R\u00edos a la ley nacional 27.350 que establece el uso medicinal de la planta de Cannabis y sus derivados &nbsp; &nbsp; &nbsp; &nbsp; Se trata del marco regulatorio \u201cpara la investigaci\u00f3n m\u00e9dica y cient\u00edfica del uso medicinal\u201d de esta planta. &nbsp; La iniciativa ven\u00eda siendo promovida por la asociaci\u00f3n \u201cMam\u00e1 Cultiva\u201d &#8211; entre otras medidas- para otorgar un marco legal a la investigaci\u00f3n m\u00e9dica y cient\u00edfica del uso medicinal del cannabis y su cultivo, en el&#8230;<\/p>\n","protected":false},"author":3,"featured_media":33422,"comment_status":"closed","ping_status":"closed","sticky":false,"template":"","format":"standard","meta":[],"categories":[9,15],"tags":[],"_links":{"self":[{"href":"https:\/\/www.actualidadadiario.com\/index.php\/wp-json\/wp\/v2\/posts\/33421"}],"collection":[{"href":"https:\/\/www.actualidadadiario.com\/index.php\/wp-json\/wp\/v2\/posts"}],"about":[{"href":"https:\/\/www.actualidadadiario.com\/index.php\/wp-json\/wp\/v2\/types\/post"}],"author":[{"embeddable":true,"href":"https:\/\/www.actualidadadiario.com\/index.php\/wp-json\/wp\/v2\/users\/3"}],"replies":[{"embeddable":true,"href":"https:\/\/www.actualidadadiario.com\/index.php\/wp-json\/wp\/v2\/comments?post=33421"}],"version-history":[{"count":1,"href":"https:\/\/www.actualidadadiario.com\/index.php\/wp-json\/wp\/v2\/posts\/33421\/revisions"}],"predecessor-version":[{"id":33423,"href":"https:\/\/www.actualidadadiario.com\/index.php\/wp-json\/wp\/v2\/posts\/33421\/revisions\/33423"}],"wp:featuredmedia":[{"embeddable":true,"href":"https:\/\/www.actualidadadiario.com\/index.php\/wp-json\/wp\/v2\/media\/33422"}],"wp:attachment":[{"href":"https:\/\/www.actualidadadiario.com\/index.php\/wp-json\/wp\/v2\/media?parent=33421"}],"wp:term":[{"taxonomy":"category","embeddable":true,"href":"https:\/\/www.actualidadadiario.com\/index.php\/wp-json\/wp\/v2\/categories?post=33421"},{"taxonomy":"post_tag","embeddable":true,"href":"https:\/\/www.actualidadadiario.com\/index.php\/wp-json\/wp\/v2\/tags?post=33421"}],"curies":[{"name":"wp","href":"https:\/\/api.w.org\/{rel}","templated":true}]}}