{"id":33418,"date":"2018-09-20T10:41:04","date_gmt":"2018-09-20T13:41:04","guid":{"rendered":"https:\/\/www.actualidadadiario.com\/?p=33418"},"modified":"2018-11-06T19:37:27","modified_gmt":"2018-11-06T22:37:27","slug":"diputados-provinciales-se-reunieron-con-ambientalistas-para-avanzar-en-la-regulacion-del-uso-de-agroquimicos","status":"publish","type":"post","link":"https:\/\/www.actualidadadiario.com\/index.php\/2018\/09\/20\/diputados-provinciales-se-reunieron-con-ambientalistas-para-avanzar-en-la-regulacion-del-uso-de-agroquimicos\/","title":{"rendered":"Diputados provinciales se reunieron con ambientalistas para avanzar en la regulaci\u00f3n del uso de agroqu\u00edmicos"},"content":{"rendered":"<p><em><strong>En el marco del debate sobre el uso de agroqu\u00edmicos, el presidente de la C\u00e1mara de Diputados de la Provincia, Sergio Urribarri, convoc\u00f3 este mi\u00e9rcoles a representantes de organizaciones ambientales a fin de avanzar con la elaboraci\u00f3n de una normativa que atienda sus planteos y aporte al abordaje integral de la tem\u00e1tica. \u00a0El 8 de mayo la C\u00e1mara hab\u00eda rechazado un proyecto que contaba con media sanci\u00f3n del Senado<\/strong><\/em><\/p>\n<p>&nbsp;<\/p>\n<p>&nbsp;<\/p>\n<p>&nbsp;<\/p>\n<p>Tras el rechazo de la C\u00e1mara de Diputados, el 8 de mayo pasado, al proyecto de ley de agroqu\u00edmicos que hab\u00eda llegado al recinto con media sanci\u00f3n del Senado, los legisladores anunciaron la elaboraci\u00f3n de una nueva iniciativa para avanzar en una normativa.<\/p>\n<p>&nbsp;<\/p>\n<p>En este marco fue que se convoc\u00f3 a representantes de organizaciones ambientales con el fin de ir delineando una nueva iniciativa.<\/p>\n<p>&nbsp;<\/p>\n<p>Del encuentro, que tuvo lugar este mi\u00e9rcoles, particip\u00f3 un n\u00famero importante de diputados provinciales, el senador provincial Lucas Larrarte y funcionarios del \u00e1rea de Salud del Gobierno Provincial.<\/p>\n<p>&nbsp;<\/p>\n<p>\u201cEl objetivo de la reuni\u00f3n es continuar acercando posiciones entre los diversos actores sociales. Es un tema extremadamente cr\u00edtico y sensible para los entrerrianos no solo por nuestra tradici\u00f3n en materia ambiental, sino por los tristes y terribles hechos que han sucedido en el \u00faltimo tiempo\u201d, expres\u00f3 Urribarri. Y a\u00f1adi\u00f3: \u201cDesde el espacio que represento hemos tenido una posici\u00f3n muy clara al respecto y venimos trabajando para generar una soluci\u00f3n s\u00f3lida que tenga proyecci\u00f3n en el tiempo\u201d.<\/p>\n<p>&nbsp;<\/p>\n<p>Por su lado, Daniel Verze\u00f1assi, del Foro Ecologista de Paran\u00e1, se mostr\u00f3 satisfecho por la convocatoria y se\u00f1al\u00f3 que el prop\u00f3sito es \u201cseguir gestando en estos espacios legislativos un encuentro entre quienes sin ser legisladores creemos contar con herramientas que le sean \u00fatiles a quienes legislan -y que nosotros queremos que legislen- y la propia Legislatura\u201d.<\/p>\n<p>&nbsp;<\/p>\n<p>Respecto de los planteos realizados por las organizaciones ambientales, Verze\u00f1assi sostuvo: \u201cHemos manifestado que es preciso que las legislaciones que surjan no sean letra muerta, sino que tengan esa doble condici\u00f3n de ser una norma a cumplir y de ser demandadas para que se cumplan por una sociedad que reconoce en esa legislaci\u00f3n un derecho adquirido\u201d.<\/p>\n<p>&nbsp;<\/p>\n<p>\u201cLo cierto es que estamos en una situaci\u00f3n de enorme gravedad por la aparici\u00f3n de enfermedades y compromiso de la salud de las poblaciones que est\u00e1n en contacto con estas realidades, no solamente del que est\u00e1 al lado de la m\u00e1quina cuando se tira un veneno sino c\u00f3mo ese veneno llega al agua que bebemos, al aire que respiramos o al alimento\u201d, remarc\u00f3 en un comunicado.<\/p>\n","protected":false},"excerpt":{"rendered":"<p>En el marco del debate sobre el uso de agroqu\u00edmicos, el presidente de la C\u00e1mara de Diputados de la Provincia, Sergio Urribarri, convoc\u00f3 este mi\u00e9rcoles a representantes de organizaciones ambientales a fin de avanzar con la elaboraci\u00f3n de una normativa que atienda sus planteos y aporte al abordaje integral de la tem\u00e1tica. \u00a0El 8 de mayo la C\u00e1mara hab\u00eda rechazado un proyecto que contaba con media sanci\u00f3n del Senado &nbsp; &nbsp; &nbsp; Tras el rechazo de la C\u00e1mara de Diputados, el 8 de mayo pasado, al proyecto de ley de&#8230;<\/p>\n","protected":false},"author":3,"featured_media":33419,"comment_status":"closed","ping_status":"closed","sticky":false,"template":"","format":"standard","meta":[],"categories":[15],"tags":[],"_links":{"self":[{"href":"https:\/\/www.actualidadadiario.com\/index.php\/wp-json\/wp\/v2\/posts\/33418"}],"collection":[{"href":"https:\/\/www.actualidadadiario.com\/index.php\/wp-json\/wp\/v2\/posts"}],"about":[{"href":"https:\/\/www.actualidadadiario.com\/index.php\/wp-json\/wp\/v2\/types\/post"}],"author":[{"embeddable":true,"href":"https:\/\/www.actualidadadiario.com\/index.php\/wp-json\/wp\/v2\/users\/3"}],"replies":[{"embeddable":true,"href":"https:\/\/www.actualidadadiario.com\/index.php\/wp-json\/wp\/v2\/comments?post=33418"}],"version-history":[{"count":1,"href":"https:\/\/www.actualidadadiario.com\/index.php\/wp-json\/wp\/v2\/posts\/33418\/revisions"}],"predecessor-version":[{"id":33420,"href":"https:\/\/www.actualidadadiario.com\/index.php\/wp-json\/wp\/v2\/posts\/33418\/revisions\/33420"}],"wp:featuredmedia":[{"embeddable":true,"href":"https:\/\/www.actualidadadiario.com\/index.php\/wp-json\/wp\/v2\/media\/33419"}],"wp:attachment":[{"href":"https:\/\/www.actualidadadiario.com\/index.php\/wp-json\/wp\/v2\/media?parent=33418"}],"wp:term":[{"taxonomy":"category","embeddable":true,"href":"https:\/\/www.actualidadadiario.com\/index.php\/wp-json\/wp\/v2\/categories?post=33418"},{"taxonomy":"post_tag","embeddable":true,"href":"https:\/\/www.actualidadadiario.com\/index.php\/wp-json\/wp\/v2\/tags?post=33418"}],"curies":[{"name":"wp","href":"https:\/\/api.w.org\/{rel}","templated":true}]}}