{"id":33416,"date":"2018-09-20T10:40:21","date_gmt":"2018-09-20T13:40:21","guid":{"rendered":"https:\/\/www.actualidadadiario.com\/?p=33416"},"modified":"2018-11-06T19:37:27","modified_gmt":"2018-11-06T22:37:27","slug":"bordet-prefiere-resignar-recursos-pero-favorecer-obras-en-los-municipios","status":"publish","type":"post","link":"https:\/\/www.actualidadadiario.com\/index.php\/2018\/09\/20\/bordet-prefiere-resignar-recursos-pero-favorecer-obras-en-los-municipios\/","title":{"rendered":"Bordet prefiere resignar recursos, pero favorecer obras en los municipios"},"content":{"rendered":"<p><em><strong>\u201cPreferimos resignar recursos, pero favorecer las obras en los municipios, porque impactan directamente sobre las comunidades\u201d, manifest\u00f3 el gobernador Gustavo Bordet al ser consultado sobre el programa de asistencia financiera que anunci\u00f3 el gobierno nacional para compensar en parte las p\u00e9rdidas por la eliminaci\u00f3n del denominado Fondo de la Soja, que a la provincia le supuso resignar $1.700 millones en 2018<\/strong><\/em><\/p>\n<p>&nbsp;<\/p>\n<p>&nbsp;<\/p>\n<p>&nbsp;<\/p>\n<p>&nbsp;<\/p>\n<p>Este nuevo programa fue anunciado por el Gobierno nacional para compensar en parte las p\u00e9rdidas por la eliminaci\u00f3n del denominado Fondo de la Soja.<\/p>\n<p>&nbsp;<\/p>\n<p>En rigor, los montos asignados a las provincias ser\u00e1n de 4.125 millones de pesos que se distribuir\u00e1n en cuatro cuotas iguales, mensuales y consecutivas, es decir, que llega s\u00f3lo a fin de a\u00f1o.<\/p>\n<p>&nbsp;<\/p>\n<p>Mientras que el Fondo de la Soja asignaba el 70% de los fondos a las provincias y el 30% a los municipios, a trav\u00e9s de este nuevo programa el 50 por ciento que se le transfiera a las provincias se destinar\u00e1 a sus municipios, aplicando para su distribuci\u00f3n el r\u00e9gimen de participaci\u00f3n municipal de impuestos.<\/p>\n<p>&nbsp;<\/p>\n<p>Bordet dijo que con este programa de asistencia financiera se reemplazar\u00e1 en parte el Fondo de la Soja de ac\u00e1 a fin de a\u00f1o, por los meses que hab\u00edan quedado pendientes, \u201cdado que hab\u00eda muchas obras que ten\u00edan financiamiento y se hab\u00edan cortado y necesitaban seguir pag\u00e1ndose los certificados\u201d.<\/p>\n<p>&nbsp;<\/p>\n<p>Explic\u00f3 que, a diferencia del fondo de la soja que se recib\u00eda anteriormente, donde el 70 por ciento quedaba en la provincia y el 30 por ciento iba a los municipios, ahora ser\u00e1 el 50 por ciento a la provincia y el otro 50 por ciento a los municipios.<\/p>\n<p>&nbsp;<\/p>\n<p>\u201cEntendemos desde nuestro gobierno que hay que realizar un aporte tambi\u00e9n para los municipios y preferimos resignar recursos pero favorecer las obras en ellos, porque impactan directamente sobre las comunidades\u201d, manifest\u00f3 Bordet.<\/p>\n<p>&nbsp;<\/p>\n<p>&nbsp;<\/p>\n<p><strong>Fondos de Salto Grande<\/strong><\/p>\n<p>Tambi\u00e9n el gobernador se refiri\u00f3 al reclamo por la restituci\u00f3n de fondos a la provincia proveniente de excedentes de la represa de Salto Grande. En ese sentido, dijo que continuar\u00e1 con los encuentros con legisladores, tal como lo hizo este martes con el presidente del bloque de senadores del Frente Justicialista para la Victoria, Miguel Pichetto, y con los senadores y diputados de su espacio, \u201cporque este es un tema que nos comprende a todos, que es que se vuelvan a transferir en forma directa los fondos excedentes que genera Salto Grande\u201d.<\/p>\n<p>&nbsp;<\/p>\n<p>Al respecto, coment\u00f3 que \u201cdesde 2007 esto se hab\u00eda quitado y, dependiendo de cada presupuesto, hab\u00eda un art\u00edculo que anulaba la transferencia directa de los fondos. Ten\u00edamos que estar dependiendo de la buena voluntad de la Secretar\u00eda de Energ\u00eda, con liquidaciones a veces confusas y que se dilataban en el tiempo. De esta forma, nosotros estamos impulsando, y creo que vamos a lograr el objetivo, que sean como estable la ley de distribuci\u00f3n de excedentes de la represa de Salto Grande, en forma directa y autom\u00e1tica\u201d.<\/p>\n<p>&nbsp;<\/p>\n<p>Afirm\u00f3 que, de obtenerse esto, \u201cir\u00e1 todo afectado a obra p\u00fablica y es una buena noticia porque genera financiamiento en momentos que est\u00e1n complicados para poder desarrollar nuevas obras\u201d.<\/p>\n","protected":false},"excerpt":{"rendered":"<p>\u201cPreferimos resignar recursos, pero favorecer las obras en los municipios, porque impactan directamente sobre las comunidades\u201d, manifest\u00f3 el gobernador Gustavo Bordet al ser consultado sobre el programa de asistencia financiera que anunci\u00f3 el gobierno nacional para compensar en parte las p\u00e9rdidas por la eliminaci\u00f3n del denominado Fondo de la Soja, que a la provincia le supuso resignar $1.700 millones en 2018 &nbsp; &nbsp; &nbsp; &nbsp; Este nuevo programa fue anunciado por el Gobierno nacional para compensar en parte las p\u00e9rdidas por la eliminaci\u00f3n del denominado Fondo de la Soja. &nbsp;&#8230;<\/p>\n","protected":false},"author":3,"featured_media":33411,"comment_status":"closed","ping_status":"closed","sticky":false,"template":"","format":"standard","meta":[],"categories":[9,15],"tags":[],"_links":{"self":[{"href":"https:\/\/www.actualidadadiario.com\/index.php\/wp-json\/wp\/v2\/posts\/33416"}],"collection":[{"href":"https:\/\/www.actualidadadiario.com\/index.php\/wp-json\/wp\/v2\/posts"}],"about":[{"href":"https:\/\/www.actualidadadiario.com\/index.php\/wp-json\/wp\/v2\/types\/post"}],"author":[{"embeddable":true,"href":"https:\/\/www.actualidadadiario.com\/index.php\/wp-json\/wp\/v2\/users\/3"}],"replies":[{"embeddable":true,"href":"https:\/\/www.actualidadadiario.com\/index.php\/wp-json\/wp\/v2\/comments?post=33416"}],"version-history":[{"count":1,"href":"https:\/\/www.actualidadadiario.com\/index.php\/wp-json\/wp\/v2\/posts\/33416\/revisions"}],"predecessor-version":[{"id":33417,"href":"https:\/\/www.actualidadadiario.com\/index.php\/wp-json\/wp\/v2\/posts\/33416\/revisions\/33417"}],"wp:featuredmedia":[{"embeddable":true,"href":"https:\/\/www.actualidadadiario.com\/index.php\/wp-json\/wp\/v2\/media\/33411"}],"wp:attachment":[{"href":"https:\/\/www.actualidadadiario.com\/index.php\/wp-json\/wp\/v2\/media?parent=33416"}],"wp:term":[{"taxonomy":"category","embeddable":true,"href":"https:\/\/www.actualidadadiario.com\/index.php\/wp-json\/wp\/v2\/categories?post=33416"},{"taxonomy":"post_tag","embeddable":true,"href":"https:\/\/www.actualidadadiario.com\/index.php\/wp-json\/wp\/v2\/tags?post=33416"}],"curies":[{"name":"wp","href":"https:\/\/api.w.org\/{rel}","templated":true}]}}