{"id":33413,"date":"2018-09-20T10:39:14","date_gmt":"2018-09-20T13:39:14","guid":{"rendered":"https:\/\/www.actualidadadiario.com\/?p=33413"},"modified":"2018-11-06T19:37:27","modified_gmt":"2018-11-06T22:37:27","slug":"la-provincia-entrego-mas-de-1500-viviendas-en-lo-que-va-del-2018","status":"publish","type":"post","link":"https:\/\/www.actualidadadiario.com\/index.php\/2018\/09\/20\/la-provincia-entrego-mas-de-1500-viviendas-en-lo-que-va-del-2018\/","title":{"rendered":"La provincia entreg\u00f3 m\u00e1s de 1500 viviendas en lo que va del 2018"},"content":{"rendered":"<p><em><strong>\u201cEn estos nueve meses de 2018 entregamos 1500 viviendas por la decisi\u00f3n pol\u00edtica de nuestro gobernador Gustavo Bordet de culminarlas con recursos propios\u201d, expres\u00f3 el presidente de IAPV, Marcelo Casaretto en el marco del sorteo de ubicaci\u00f3n de las 300 viviendas que se est\u00e1n ejecutando en Paran\u00e1<\/strong><\/em><\/p>\n<p>&nbsp;<\/p>\n<p>&nbsp;<\/p>\n<p>&nbsp;<\/p>\n<p>&nbsp;<\/p>\n<p>Casaretto adelant\u00f3 que \u201ctenemos previsto de ac\u00e1 hasta fin de a\u00f1o entregar 1000 viviendas m\u00e1s, lo que totalizar\u00edamos 2500 viviendas en un a\u00f1o de dificultades como ha sido este 2018\u201d.<\/p>\n<p>&nbsp;<\/p>\n<p>En ese contexto, explic\u00f3 que \u201cel grueso de los proyectos se trabajan entre las distintas jurisdicciones y en general la pol\u00edtica de la vivienda era que una parte la pagaba la Naci\u00f3n y la otra parte la Provincia\u201d.<\/p>\n<p>&nbsp;<\/p>\n<p>En ese sentido, indic\u00f3 que \u201cal momento de asumir en IAPV, nos encontramos con una situaci\u00f3n en la cual el gobierno Nacional ha tenido dificultades en estos meses. Entonces nosotros si s\u00f3lo pon\u00edamos la parte que le correspond\u00eda a la provincia, las empresas paraban las obras. Es por eso que hablamos con el gobernador y dijimos que la prioridad debe ser asegurar la continuidad de las obras, mantener el nivel de actividad econ\u00f3mica, las fuentes de trabajo, terminar las viviendas y poder entreg\u00e1rselas a las familias\u201d, asever\u00f3.<\/p>\n<p>&nbsp;<\/p>\n<p>&#8220;Decidimos pagar el 100 por ciento de los certificados de obra de acuerdo a los avances, y en todo caso despu\u00e9s nosotros nos arregl\u00e1bamos con la Naci\u00f3n para que nos compense o reembolsen lo que fuimos pagando y as\u00ed pudimos encontrar soluciones habitacionales en todo Entre R\u00edos\u201d, remarc\u00f3 Casaretto, acompa\u00f1ado por el intendente de la capital entrerriana, Sergio Varisco.<\/p>\n<p>&nbsp;<\/p>\n<p>Por \u00faltimo, record\u00f3 que la primera vivienda de su familia fue de IAPV. &#8220;Sabemos que uno de los proyectos m\u00e1s grandes de un trabajador es poder acceder a la vivienda propia. No todo lo regula el mercado. Esto lo tiene que regular el Estado, d\u00e1ndole la posibilidad para que un trabajador pueda acceder a una vivienda propia. Esa es nuestra responsabilidad y ese es nuestro compromiso&#8221;, asever\u00f3.<\/p>\n<p>&nbsp;<\/p>\n<p>&nbsp;<\/p>\n<p><strong>Cumpliendo el sue\u00f1o<\/strong><\/p>\n<p>Marianela Iglesias es una de las adjudicatarias de las 300 viviendas. Durante el sorteo coment\u00f3 que \u201cnosotros est\u00e1bamos esperando hace m\u00e1s o menos un a\u00f1o. Entramos como suplentes y tuvimos la suerte que nos llamaron r\u00e1pido. Estamos muy conformes con todo lo que es la calificaci\u00f3n de la documentaci\u00f3n, la atenci\u00f3n de la Mutual Modelo y del IAPV m\u00e1s que conformes\u201d.<\/p>\n<p>&nbsp;<\/p>\n<p>Adem\u00e1s, expres\u00f3 sentir \u201cmucha alegr\u00eda porque llego el d\u00eda por fin. Si bien, reci\u00e9n es la ubicaci\u00f3n y todav\u00eda no es la llave, ya estamos m\u00e1s que felices y contentos\u201d.<\/p>\n<p>&nbsp;<\/p>\n<p>Por otro lado, Jos\u00e9 expres\u00f3 estar \u201ccontentos esperando nuestra casa con ansiedad. Hace nueve a\u00f1os que alquilamos y la verdad que no ha sido f\u00e1cil. Hoy por lo menos un sue\u00f1o cumplido\u201d.<\/p>\n<p>&nbsp;<\/p>\n<p>\u201cCreo que para cualquier persona tener una vivienda que sea propia nos hace sentir muy bien y creo que es una de las mejores cosas y lo que buscamos todos como logro personal as\u00ed que muy contento de venir hoy ac\u00e1\u201d, destac\u00f3 Pablo Brigatti, adjudicatario.<\/p>\n<p>&nbsp;<\/p>\n<p>&nbsp;<\/p>\n<p><strong>300 viviendas<\/strong><\/p>\n<p>Este mi\u00e9rcoles se sortearon la ubicaci\u00f3n de las 300 unidades habitacionales que se construyen en Paran\u00e1, pertenecientes a la Asociaci\u00f3n Mutual Modelo, en el marco del Programa Federal Techo Digno, las cuales se ejecutaron entre el instituto Aut\u00e1rquico de Planeamiento y Vivienda y la Secretaria de Vivienda de la Naci\u00f3n.<\/p>\n<p>&nbsp;<\/p>\n<p>Las viviendas fueron construidas de manera no tradicional, en seco, con paneles autoportantes y cuentan con 55 metros cuadrados, cocina, living\/comedor, ba\u00f1o y dos habitaciones. Resultan unas viviendas de caracter\u00edsticas distintas a las tradicionales con buena aislaci\u00f3n t\u00e9rmica.<\/p>\n<p>&nbsp;<\/p>\n<p>Adem\u00e1s, tienen otra particularidad y es que no cuentan con un tanque de reserva de agua elevado, sino que se ha agregado en el fondo de la casa una cisterna con bomba con lo cual les va a mejorar el sistema de agua potable.<\/p>\n","protected":false},"excerpt":{"rendered":"<p>\u201cEn estos nueve meses de 2018 entregamos 1500 viviendas por la decisi\u00f3n pol\u00edtica de nuestro gobernador Gustavo Bordet de culminarlas con recursos propios\u201d, expres\u00f3 el presidente de IAPV, Marcelo Casaretto en el marco del sorteo de ubicaci\u00f3n de las 300 viviendas que se est\u00e1n ejecutando en Paran\u00e1 &nbsp; &nbsp; &nbsp; &nbsp; Casaretto adelant\u00f3 que \u201ctenemos previsto de ac\u00e1 hasta fin de a\u00f1o entregar 1000 viviendas m\u00e1s, lo que totalizar\u00edamos 2500 viviendas en un a\u00f1o de dificultades como ha sido este 2018\u201d. &nbsp; En ese contexto, explic\u00f3 que \u201cel grueso de&#8230;<\/p>\n","protected":false},"author":3,"featured_media":33482,"comment_status":"closed","ping_status":"closed","sticky":false,"template":"","format":"standard","meta":[],"categories":[15],"tags":[],"_links":{"self":[{"href":"https:\/\/www.actualidadadiario.com\/index.php\/wp-json\/wp\/v2\/posts\/33413"}],"collection":[{"href":"https:\/\/www.actualidadadiario.com\/index.php\/wp-json\/wp\/v2\/posts"}],"about":[{"href":"https:\/\/www.actualidadadiario.com\/index.php\/wp-json\/wp\/v2\/types\/post"}],"author":[{"embeddable":true,"href":"https:\/\/www.actualidadadiario.com\/index.php\/wp-json\/wp\/v2\/users\/3"}],"replies":[{"embeddable":true,"href":"https:\/\/www.actualidadadiario.com\/index.php\/wp-json\/wp\/v2\/comments?post=33413"}],"version-history":[{"count":1,"href":"https:\/\/www.actualidadadiario.com\/index.php\/wp-json\/wp\/v2\/posts\/33413\/revisions"}],"predecessor-version":[{"id":33414,"href":"https:\/\/www.actualidadadiario.com\/index.php\/wp-json\/wp\/v2\/posts\/33413\/revisions\/33414"}],"wp:featuredmedia":[{"embeddable":true,"href":"https:\/\/www.actualidadadiario.com\/index.php\/wp-json\/wp\/v2\/media\/33482"}],"wp:attachment":[{"href":"https:\/\/www.actualidadadiario.com\/index.php\/wp-json\/wp\/v2\/media?parent=33413"}],"wp:term":[{"taxonomy":"category","embeddable":true,"href":"https:\/\/www.actualidadadiario.com\/index.php\/wp-json\/wp\/v2\/categories?post=33413"},{"taxonomy":"post_tag","embeddable":true,"href":"https:\/\/www.actualidadadiario.com\/index.php\/wp-json\/wp\/v2\/tags?post=33413"}],"curies":[{"name":"wp","href":"https:\/\/api.w.org\/{rel}","templated":true}]}}