{"id":33410,"date":"2018-09-20T10:38:19","date_gmt":"2018-09-20T13:38:19","guid":{"rendered":"https:\/\/www.actualidadadiario.com\/?p=33410"},"modified":"2018-11-06T19:37:27","modified_gmt":"2018-11-06T22:37:27","slug":"en-nuestro-gobierno-no-discriminamos-a-los-municipios-por-su-color-politico-afirmo-bordet","status":"publish","type":"post","link":"https:\/\/www.actualidadadiario.com\/index.php\/2018\/09\/20\/en-nuestro-gobierno-no-discriminamos-a-los-municipios-por-su-color-politico-afirmo-bordet\/","title":{"rendered":"\u201cEn nuestro gobierno no discriminamos a los municipios por su color pol\u00edtico\u201d, afirm\u00f3 Bordet"},"content":{"rendered":"<p><em><strong>El gobernador Gustavo Bordet firm\u00f3 los contratos para iniciar cuatro obras de agua y saneamiento en Federaci\u00f3n, Victoria y La Paz, por m\u00e1s de 260 millones de pesos<\/strong><\/em><\/p>\n<p>&nbsp;<\/p>\n<p>&nbsp;<\/p>\n<p>&nbsp;<\/p>\n<p>&nbsp;<\/p>\n<p>El mandatario destac\u00f3 la transparencia en los procesos licitatorios de esta gesti\u00f3n provincial y el equilibrio en la distribuci\u00f3n de obras para los municipios.<\/p>\n<p>&nbsp;<\/p>\n<p>\u201cSon cuatro obras que tienden a mejorar la calidad de vida de la gente y que se ejecutar\u00e1n en localidades que son de un signo pol\u00edtico diferente. Esto habla a las claras de que nuestra gesti\u00f3n no hace discriminaci\u00f3n de ning\u00fan tipo\u201d, afirm\u00f3 el gobernador tras rubricar los contratos para iniciar los trabajos en las ciudades de Victoria, La Paz y Federaci\u00f3n, en Colonia San Pedro.<\/p>\n<p>&nbsp;<\/p>\n<p>\u201cEntendemos que son necesidades b\u00e1sicas que tienen los vecinos de nuestra provincia y nuestra tarea es trabajar todos juntos, articulando, porque estos son objetivos que trascienden a cualquier inter\u00e9s partidario\u201d, expres\u00f3.<\/p>\n<p>&nbsp;<\/p>\n<p>\u201cEs importante destacar que hoy firmamos el inicio cuatro obras y hay cuatro empresas distintas lo cual habla a las claras que hay procesos transparentes y claros de licitaciones y de adjudicaciones en nuestra gesti\u00f3n\u201d, afirm\u00f3 Bordet durante el acto realizado en la Casa de Gobierno donde estuvieron los respectivos jefes comunales de las localidades beneficiadas y legisladores provinciales y nacionales.<\/p>\n<p>&nbsp;<\/p>\n<p>El gobernador indic\u00f3 que con la firma de estos contratos tambi\u00e9n se ratifica \u201ceste rumbo de trabajo para ir resolviendo progresivamente temas que generan empleo y solucionan necesidades b\u00e1sicas que est\u00e1n insatisfechas\u201d. Dijo adem\u00e1s que \u201cpese a las dificultades, hoy tenemos una provincia ordenada que puede hacer frente y cumplir con este tipo de obras que tienen financiamiento asegurado en el futuro\u201d.<\/p>\n<p>&nbsp;<\/p>\n<p>&#8220;Las cuatro obras tienden a mejorar la calidad de vida de la gente en agua, desag\u00fces pluviales, cordones cuneta y nos atraviesan a todos, independientemente del pensamiento pol\u00edtico que tengamos. Ac\u00e1 hay intendentes de partidos de oposici\u00f3n pero cuando hablamos de obras que son prioritarias para la salud y el desarrollo nos atraviesan a todos, independientemente del color pol\u00edtico&#8221;, expres\u00f3 el gobernador.<\/p>\n<p>&nbsp;<\/p>\n<p>En ese marco convoc\u00f3 a \u201crenovar y reforzar este compromiso de trabajo que venimos desarrollando desde el primer d\u00eda de gesti\u00f3n y a\u00fan nos queda mucho m\u00e1s para seguir trabajando. Podemos pasar \u00e9pocas dif\u00edciles pero la vocaci\u00f3n de trabajo en conjunto siempre estar\u00e1 y permanecer\u00e1&#8221;.<\/p>\n<p>&nbsp;<\/p>\n<p>Tambi\u00e9n destac\u00f3 &#8220;los procesos de transparencia y claridad para llevar adelante esta adjudicaci\u00f3n. Hoy tenemos cuatro empresas diferentes para realizar cuatro obras distintas&#8221;.<\/p>\n<p>&nbsp;<\/p>\n<p>&nbsp;<\/p>\n<p><strong>Las obras<\/strong><\/p>\n<p>La primera etapa de la nueva planta potabilizadora y optimizaci\u00f3n del servicio de agua potable de La Paz, fue adjudicada a la empresa Del Litoral Obras, Servicios y Montajes SA. Demandar\u00e1 una inversi\u00f3n de 132.733.207 pesos y prev\u00e9 trabajos constructivos para la materializaci\u00f3n de la planta potabilizadora, que beneficiar\u00e1n a una poblaci\u00f3n, proyectada a 2035, de 40.000 habitantes.<\/p>\n<p>&nbsp;<\/p>\n<p>Las tareas incluyen la obra de toma de agua del r\u00edo Paran\u00e1, una estaci\u00f3n de bombeo con las correspondientes bombas electromec\u00e1nicas para su funcionamiento, labores para la impulsi\u00f3n de agua cruda a la planta a trav\u00e9s de un acueducto y, por \u00faltimo, la edificaci\u00f3n e instalaci\u00f3n de la planta misma, comprendiendo una subestaci\u00f3n transformadora y la red de distribuci\u00f3n interna.<\/p>\n<p>&nbsp;<\/p>\n<p>En tanto, la obra de desag\u00fces Pluviales Cuenca Ezpeleta de Victoria estar\u00e1 a cargo de la empresa Daniel Bar\u00f3n y la inversi\u00f3n ser\u00e1 de 120.876.222 pesos. Comprende la realizaci\u00f3n de desag\u00fces pluviales en la cuenca de calle Ezpeleta, contando con la ejecuci\u00f3n de un conducto principal para los excedentes bajo esta importante arteria, que se plantea entre Boulevard Eva Per\u00f3n y calle Jun\u00edn.<\/p>\n<p>&nbsp;<\/p>\n<p>Por otra parte, se propone la optimizaci\u00f3n del sistema primario de conducci\u00f3n de excedentes pluviales mediante la repavimentaci\u00f3n de las calles afectadas por la traza de los conductos proyectados, como as\u00ed tambi\u00e9n la pavimentaci\u00f3n de las calles laterales que conforman el mismo y la ejecuci\u00f3n de cord\u00f3n cuneta y badenes. Se estima un plazo de ejecuci\u00f3n de 20 meses.<\/p>\n<p>&nbsp;<\/p>\n<p>La construcci\u00f3n de cordones cunetas y badenes en el barrio San Cayetano de Federaci\u00f3n estar\u00e1 a cargo de la empresa GRINAC SRL. Es financiada con fondos de Cafesg y el monto asciende a 2,8 millones de pesos.<\/p>\n<p>&nbsp;<\/p>\n<p>La obra responde a la necesidad de realizar cord\u00f3n cuneta y badenes para mejorar los escurrimientos pluviales y de esta forma mitigar los procesos erosivos en las calles, facilitando de esta manera el mantenimiento de las mismas.<\/p>\n<p>&nbsp;<\/p>\n<p>Por \u00faltimo, y tambi\u00e9n con fondos de Cafesg, se adjudic\u00f3 a la empresa Rafael Correa Construcciones la obra de red de agua corriente y tanque de provisi\u00f3n para Colonia San Pedro, departamento Federaci\u00f3n. El monto de la obra asciende a 3.729.355 pesos.<\/p>\n<p>&nbsp;<\/p>\n<p>El proyecto contempla el dise\u00f1o de la red de agua corriente, un tanque de provisi\u00f3n de capacidad m\u00ednima de 50.000 litros sustentado en una torre de 15 metros. Asimismo, se prev\u00e9 la perforaci\u00f3n del pozo semisurgente, as\u00ed como la ejecuci\u00f3n de la casilla de comandos para los distintos elementos que lo requieran. El plazo de ejecuci\u00f3n es de 120 d\u00edas corridos.<\/p>\n","protected":false},"excerpt":{"rendered":"<p>El gobernador Gustavo Bordet firm\u00f3 los contratos para iniciar cuatro obras de agua y saneamiento en Federaci\u00f3n, Victoria y La Paz, por m\u00e1s de 260 millones de pesos &nbsp; &nbsp; &nbsp; &nbsp; El mandatario destac\u00f3 la transparencia en los procesos licitatorios de esta gesti\u00f3n provincial y el equilibrio en la distribuci\u00f3n de obras para los municipios. &nbsp; \u201cSon cuatro obras que tienden a mejorar la calidad de vida de la gente y que se ejecutar\u00e1n en localidades que son de un signo pol\u00edtico diferente. Esto habla a las claras de&#8230;<\/p>\n","protected":false},"author":3,"featured_media":33415,"comment_status":"closed","ping_status":"closed","sticky":false,"template":"","format":"standard","meta":[],"categories":[15],"tags":[],"_links":{"self":[{"href":"https:\/\/www.actualidadadiario.com\/index.php\/wp-json\/wp\/v2\/posts\/33410"}],"collection":[{"href":"https:\/\/www.actualidadadiario.com\/index.php\/wp-json\/wp\/v2\/posts"}],"about":[{"href":"https:\/\/www.actualidadadiario.com\/index.php\/wp-json\/wp\/v2\/types\/post"}],"author":[{"embeddable":true,"href":"https:\/\/www.actualidadadiario.com\/index.php\/wp-json\/wp\/v2\/users\/3"}],"replies":[{"embeddable":true,"href":"https:\/\/www.actualidadadiario.com\/index.php\/wp-json\/wp\/v2\/comments?post=33410"}],"version-history":[{"count":1,"href":"https:\/\/www.actualidadadiario.com\/index.php\/wp-json\/wp\/v2\/posts\/33410\/revisions"}],"predecessor-version":[{"id":33412,"href":"https:\/\/www.actualidadadiario.com\/index.php\/wp-json\/wp\/v2\/posts\/33410\/revisions\/33412"}],"wp:featuredmedia":[{"embeddable":true,"href":"https:\/\/www.actualidadadiario.com\/index.php\/wp-json\/wp\/v2\/media\/33415"}],"wp:attachment":[{"href":"https:\/\/www.actualidadadiario.com\/index.php\/wp-json\/wp\/v2\/media?parent=33410"}],"wp:term":[{"taxonomy":"category","embeddable":true,"href":"https:\/\/www.actualidadadiario.com\/index.php\/wp-json\/wp\/v2\/categories?post=33410"},{"taxonomy":"post_tag","embeddable":true,"href":"https:\/\/www.actualidadadiario.com\/index.php\/wp-json\/wp\/v2\/tags?post=33410"}],"curies":[{"name":"wp","href":"https:\/\/api.w.org\/{rel}","templated":true}]}}