{"id":33407,"date":"2018-09-19T11:21:26","date_gmt":"2018-09-19T14:21:26","guid":{"rendered":"https:\/\/www.actualidadadiario.com\/?p=33407"},"modified":"2018-11-06T19:37:27","modified_gmt":"2018-11-06T22:37:27","slug":"ya-suman-diez-las-victimas-fatales-por-la-bacteria-del-streptococcus-pyogene","status":"publish","type":"post","link":"https:\/\/www.actualidadadiario.com\/index.php\/2018\/09\/19\/ya-suman-diez-las-victimas-fatales-por-la-bacteria-del-streptococcus-pyogene\/","title":{"rendered":"Ya suman diez las v\u00edctimas fatales por la bacteria del streptococcus pyogene"},"content":{"rendered":"<p><em><strong>Se trataba de un hombre de 77 a\u00f1os, quien falleci\u00f3 en Mar del Plata. Tras realizarse los estudios pertinentes se confirm\u00f3 que el deceso se produjo por el estreptococo<\/strong><\/em><\/p>\n<p>&nbsp;<\/p>\n<p>&nbsp;<\/p>\n<p>&nbsp;<\/p>\n<p>Es el primer caso fatal por la bacteria del estreptococo en la ciudad de Mar del Plata. Ocurri\u00f3 el domingo pasado, cuando un hombre de 77 a\u00f1os falleci\u00f3 luego de ingresar de urgencia a la guardia de una cl\u00ednica privada del centro de la ciudad.<\/p>\n<p>&nbsp;<\/p>\n<p>El hombre ingres\u00f3 a la guardia el s\u00e1bado pasado con un dolor en el pecho agudo. Luego se descompens\u00f3 y fue trasladado a terapia intensiva.<\/p>\n<p>&nbsp;<\/p>\n<p>Los estudios de sangre que le realizaron a la v\u00edctima, confirmaron que ten\u00eda la bacteria del estreptococo.<\/p>\n<p>&nbsp;<\/p>\n<p>El Ministerio de Salud de la Naci\u00f3n confirm\u00f3 este martes la muerte otros tres ni\u00f1os, y ya suman diez casos fatales en Argentina.<\/p>\n","protected":false},"excerpt":{"rendered":"<p>Se trataba de un hombre de 77 a\u00f1os, quien falleci\u00f3 en Mar del Plata. Tras realizarse los estudios pertinentes se confirm\u00f3 que el deceso se produjo por el estreptococo &nbsp; &nbsp; &nbsp; Es el primer caso fatal por la bacteria del estreptococo en la ciudad de Mar del Plata. Ocurri\u00f3 el domingo pasado, cuando un hombre de 77 a\u00f1os falleci\u00f3 luego de ingresar de urgencia a la guardia de una cl\u00ednica privada del centro de la ciudad. &nbsp; El hombre ingres\u00f3 a la guardia el s\u00e1bado pasado con un dolor&#8230;<\/p>\n","protected":false},"author":3,"featured_media":33408,"comment_status":"closed","ping_status":"closed","sticky":false,"template":"","format":"standard","meta":[],"categories":[4],"tags":[],"_links":{"self":[{"href":"https:\/\/www.actualidadadiario.com\/index.php\/wp-json\/wp\/v2\/posts\/33407"}],"collection":[{"href":"https:\/\/www.actualidadadiario.com\/index.php\/wp-json\/wp\/v2\/posts"}],"about":[{"href":"https:\/\/www.actualidadadiario.com\/index.php\/wp-json\/wp\/v2\/types\/post"}],"author":[{"embeddable":true,"href":"https:\/\/www.actualidadadiario.com\/index.php\/wp-json\/wp\/v2\/users\/3"}],"replies":[{"embeddable":true,"href":"https:\/\/www.actualidadadiario.com\/index.php\/wp-json\/wp\/v2\/comments?post=33407"}],"version-history":[{"count":1,"href":"https:\/\/www.actualidadadiario.com\/index.php\/wp-json\/wp\/v2\/posts\/33407\/revisions"}],"predecessor-version":[{"id":33409,"href":"https:\/\/www.actualidadadiario.com\/index.php\/wp-json\/wp\/v2\/posts\/33407\/revisions\/33409"}],"wp:featuredmedia":[{"embeddable":true,"href":"https:\/\/www.actualidadadiario.com\/index.php\/wp-json\/wp\/v2\/media\/33408"}],"wp:attachment":[{"href":"https:\/\/www.actualidadadiario.com\/index.php\/wp-json\/wp\/v2\/media?parent=33407"}],"wp:term":[{"taxonomy":"category","embeddable":true,"href":"https:\/\/www.actualidadadiario.com\/index.php\/wp-json\/wp\/v2\/categories?post=33407"},{"taxonomy":"post_tag","embeddable":true,"href":"https:\/\/www.actualidadadiario.com\/index.php\/wp-json\/wp\/v2\/tags?post=33407"}],"curies":[{"name":"wp","href":"https:\/\/api.w.org\/{rel}","templated":true}]}}