{"id":33398,"date":"2018-09-19T11:19:27","date_gmt":"2018-09-19T14:19:27","guid":{"rendered":"https:\/\/www.actualidadadiario.com\/?p=33398"},"modified":"2018-11-06T19:37:27","modified_gmt":"2018-11-06T22:37:27","slug":"los-afectados-por-el-terremoto-de-mexico-un-ano-entre-la-miseria-y-el-olvido","status":"publish","type":"post","link":"https:\/\/www.actualidadadiario.com\/index.php\/2018\/09\/19\/los-afectados-por-el-terremoto-de-mexico-un-ano-entre-la-miseria-y-el-olvido\/","title":{"rendered":"Los afectados por el terremoto de M\u00e9xico: un a\u00f1o entre la miseria y el olvido"},"content":{"rendered":"<p><em><strong>En campamento de Tlalpan, en la Ciudad de M\u00e9xico, malviven decenas de familias que perdieron todo hace un a\u00f1o, en un terremoto que dej\u00f3 369 muertos en todo el pa\u00eds<\/strong><\/em><\/p>\n<p>&nbsp;<\/p>\n<p>&nbsp;<\/p>\n<p>&nbsp;<\/p>\n<p>&nbsp;<\/p>\n<p>&#8220;No me gusta nada septiembre&#8221;, confiesa Alejandra, una de las mexicanas que residen en el campamento de afectados del Multifamiliar Tlalpan, en la Ciudad de M\u00e9xico. El suyo es un sentimiento compartido con buena parte de la poblaci\u00f3n mexicana que siempre asocia este mes a desastres naturales. Ya sea por la temporada de huracanes, que arranca en estas fechas, o por los terremotos que siempre parecen ponerse de acuerdo para hacerse notar en septiembre. As\u00ed ocurri\u00f3 un 19 de septiembre de 1985, con un sismo que dej\u00f3 m\u00e1s de 40.000 v\u00edctimas, y se repiti\u00f3 el mismo 19 del a\u00f1o pasado, con otro que dej\u00f3 369 muertos y miles de evacuados.<\/p>\n<p>No es de extra\u00f1ar, por lo tanto, que Alejandra se sienta &#8220;algo nerviosa&#8221; a pocas horas de que llegue la se\u00f1alada fecha: &#8220;para m\u00ed ser\u00e1 un d\u00eda de dolor y angustia porque hace un a\u00f1o lo perd\u00ed todo y desde entonces he vivido con mi hijo en unas condiciones bastante penosas&#8221;, reconoce. Durante los 5 meses posteriores a la tragedia, Alejandra y su ni\u00f1o de 6 a\u00f1os han vivido en una tienda de campa\u00f1a instalada en las canchas de baloncesto que ella ve\u00eda desde la ventana de su casa.<\/p>\n<p>&nbsp;<\/p>\n<p>En total, 1.500 vecinos tuvieron que abandonar este conjunto de 10 edificios sociales que se volvieron inhabitables tras el temblor. Muchos de ellos encontraron refugio en casas de familiares o amigos, aunque otros como Alejandra, no tuvieron tanta suerte y hoy, un a\u00f1o despu\u00e9s de lo ocurrido, siguen acampados frente a lo que un d\u00eda fue su casa. En total hay 3 campamentos que rodean el Multifamiliar y que est\u00e1n conformados por decenas de casas de contrachapado o madera, de 2 por 4 metros, y cientos de peque\u00f1as tiendas de campa\u00f1a.<\/p>\n<p>&nbsp;<\/p>\n<p>Hoy Alejandra puede sentirse afortunada ya que ha conseguido una de las preciadas caba\u00f1as donadas por ONGs. Una solitaria bombilla alumbra el reducido espacio, en el que apenas cabe una cama de matrimonio y un armario atestado hasta arriba de ropa y juguetes. &#8220;Estamos resignados, sabemos que al menos tendremos que soportar estas circunstancias durante un a\u00f1o m\u00e1s: con fr\u00edo, calor, lluvias y \u00faltimamente hasta robos&#8221;, comenta Alejandra. Los que hoy aguantan en este campamento, seg\u00fan reconoce, es b\u00e1sicamente porque &#8220;no tenemos otro lugar donde ir, que nadie piense que solo queremos vivir de gratis&#8221;. Aunque no todos ven la situaci\u00f3n de la misma manera, el ni\u00f1o de Alejandra corretea entre las hileras del campamento con otros ni\u00f1os, y su madre confiesa que &#8220;al final para \u00e9l todo esto es como un juego, como un campamento de verano, y casi prefiero que siga as\u00ed&#8230;&#8221;.<\/p>\n<p>&nbsp;<\/p>\n<p>En la entrada de otro de los campamentos del lugar nos recibe \u00c1ngel Fuentes, un mexicano de 50 a\u00f1os que se ha erigido como uno de los l\u00edderes de esta comunidad. Saluda con amabilidad a los polic\u00edas que cuidan la entrada, aunque seguidamente confiesa que &#8220;esto no es normal, hace unos d\u00edas unos ladrones se colaron en nuestro campamento y robaron objetos de algunas tiendas de campa\u00f1a, por eso ahora tenemos vigilancia&#8221;. Durante el recorrido nos encontramos con una de las vecinas a las que robaron y reconoce que no da cr\u00e9dito: &#8220;es lo \u00faltimo, robar lo poco que tenemos a la gente humilde que acaba de perder su casa&#8221;.<\/p>\n<p>&nbsp;<\/p>\n<p>Continuamos el recorrido con \u00c1ngel quien confiesa que, si bien en julio arrancaron las primeras tareas de reconstrucci\u00f3n en el Multifamiliar, se han sentido ignorados por parte de las autoridades: &#8220;Nos sentimos en un limbo del que tememos no salir nunca. Nosotros hemos llegado a un acuerdo con la constructora para que vuelvan a hacer nuestras viviendas con recursos p\u00fablicos del fondo de desastres. El problema es que el gobierno todav\u00eda no ha liberado esos fondos que nos corresponden y un a\u00f1o despu\u00e9s sigue todo muy parado&#8221;.<\/p>\n<p>&nbsp;<\/p>\n<p>M\u00e1s adelante, en una peque\u00f1a carpa blanca, trabajan otros dos vecinos organizando las camisetas y pancartas que portaran los afectados del Multifamiliar, en la manifestaci\u00f3n que hay convocada para hoy con motivo del primer aniversario de un terremoto que dej\u00f3 cientos de muertos y decenas de miles de afectados y desalojados. No quieren que nadie les olvide y saben que este d\u00eda se encontrar\u00e1n arropados por aquellas personas para las que tambi\u00e9n cambi\u00f3 todo, aquella ma\u00f1ana del 19 de septiembre de 2017.<\/p>\n","protected":false},"excerpt":{"rendered":"<p>En campamento de Tlalpan, en la Ciudad de M\u00e9xico, malviven decenas de familias que perdieron todo hace un a\u00f1o, en un terremoto que dej\u00f3 369 muertos en todo el pa\u00eds &nbsp; &nbsp; &nbsp; &nbsp; &#8220;No me gusta nada septiembre&#8221;, confiesa Alejandra, una de las mexicanas que residen en el campamento de afectados del Multifamiliar Tlalpan, en la Ciudad de M\u00e9xico. El suyo es un sentimiento compartido con buena parte de la poblaci\u00f3n mexicana que siempre asocia este mes a desastres naturales. Ya sea por la temporada de huracanes, que arranca&#8230;<\/p>\n","protected":false},"author":3,"featured_media":33399,"comment_status":"closed","ping_status":"closed","sticky":false,"template":"","format":"standard","meta":[],"categories":[4],"tags":[],"_links":{"self":[{"href":"https:\/\/www.actualidadadiario.com\/index.php\/wp-json\/wp\/v2\/posts\/33398"}],"collection":[{"href":"https:\/\/www.actualidadadiario.com\/index.php\/wp-json\/wp\/v2\/posts"}],"about":[{"href":"https:\/\/www.actualidadadiario.com\/index.php\/wp-json\/wp\/v2\/types\/post"}],"author":[{"embeddable":true,"href":"https:\/\/www.actualidadadiario.com\/index.php\/wp-json\/wp\/v2\/users\/3"}],"replies":[{"embeddable":true,"href":"https:\/\/www.actualidadadiario.com\/index.php\/wp-json\/wp\/v2\/comments?post=33398"}],"version-history":[{"count":1,"href":"https:\/\/www.actualidadadiario.com\/index.php\/wp-json\/wp\/v2\/posts\/33398\/revisions"}],"predecessor-version":[{"id":33400,"href":"https:\/\/www.actualidadadiario.com\/index.php\/wp-json\/wp\/v2\/posts\/33398\/revisions\/33400"}],"wp:featuredmedia":[{"embeddable":true,"href":"https:\/\/www.actualidadadiario.com\/index.php\/wp-json\/wp\/v2\/media\/33399"}],"wp:attachment":[{"href":"https:\/\/www.actualidadadiario.com\/index.php\/wp-json\/wp\/v2\/media?parent=33398"}],"wp:term":[{"taxonomy":"category","embeddable":true,"href":"https:\/\/www.actualidadadiario.com\/index.php\/wp-json\/wp\/v2\/categories?post=33398"},{"taxonomy":"post_tag","embeddable":true,"href":"https:\/\/www.actualidadadiario.com\/index.php\/wp-json\/wp\/v2\/tags?post=33398"}],"curies":[{"name":"wp","href":"https:\/\/api.w.org\/{rel}","templated":true}]}}