{"id":33395,"date":"2018-09-19T11:18:39","date_gmt":"2018-09-19T14:18:39","guid":{"rendered":"https:\/\/www.actualidadadiario.com\/?p=33395"},"modified":"2018-11-06T19:37:27","modified_gmt":"2018-11-06T22:37:27","slug":"a-dos-semanas-del-fallo-morales-convoca-a-pinera-a-buscar-formulas-para-cerrar-el-diferendo-maritimo","status":"publish","type":"post","link":"https:\/\/www.actualidadadiario.com\/index.php\/2018\/09\/19\/a-dos-semanas-del-fallo-morales-convoca-a-pinera-a-buscar-formulas-para-cerrar-el-diferendo-maritimo\/","title":{"rendered":"A dos semanas del fallo, Morales convoca a Pi\u00f1era a buscar f\u00f3rmulas para cerrar el diferendo mar\u00edtimo"},"content":{"rendered":"<p><em><strong>Exactamente a dos semanas de que la Corte Internacional de Justicia (CIJ) emita su dictamen sobre la demanda mar\u00edtima de Bolivia, el presidente Evo Morales convoc\u00f3 este lunes a su hom\u00f3logo de Chile, Sebasti\u00e1n Pi\u00f1era, a encontrar f\u00f3rmulas de entendimiento para superar este centenario diferendo<\/strong><\/em><\/p>\n<p>&nbsp;<\/p>\n<p>&nbsp;<\/p>\n<p>&nbsp;<\/p>\n<p>&nbsp;<\/p>\n<p>Lo hizo en una conferencia de prensa en la Casa Grande del Pueblo, en la que repas\u00f3 el trayecto que sigui\u00f3 el proceso que fue planteado en 2013 y que dos a\u00f1os despu\u00e9s fue admitido por ese tribunal internacional, en lo que Morales consider\u00f3 como una primera victoria de los argumentos que sustentan la demanda boliviana.<\/p>\n<p>&nbsp;<\/p>\n<p>Dijo que con la admisi\u00f3n la CIJ reconoci\u00f3 que \u201cBolivia naci\u00f3 con mar, fue objeto de una invasi\u00f3n y de una guerra de conquista territorial que le despoj\u00f3 de su departamento del Litoral y su amplia costa\u201d, pero adem\u00e1s \u201cestableci\u00f3 que el Tratado de 1904 no ha resuelto la cuesti\u00f3n pendiente de nuestro derecho a obtener una acceso libre y soberano al oc\u00e9ano Pacifico mediante el di\u00e1logo y la negociaci\u00f3n de buena fe\u201d.<\/p>\n<p>&nbsp;<\/p>\n<p>Por ello, consider\u00f3 que se debe avanzar en una nueva era de paz entre ambos pa\u00edses. \u201cAl hermano presidente de Chile, Sebasti\u00e1n Pi\u00f1era, lo invito a que juntos encontremos f\u00f3rmulas de entendimiento para cerrar las heridas abiertas hace m\u00e1s de 100 a\u00f1os cumpliendo el derecho internacional y honrando los valores de justicia, dignidad y buena fe que deben reinar entre nuestras naciones\u201d, afirm\u00f3.<\/p>\n<p>&nbsp;<\/p>\n<p>Invoc\u00f3 adem\u00e1s al pueblo chileno a esperar \u201ccon serenidad\u201d el fallo e hizo el mismo pedido para sus connacionales. \u201cConvoco a toda la naci\u00f3n boliviana a esperar este fallo con la serenidad y tranquilidad que nos da la certeza de que la historia, el derecho, la justicia, la verdad y la raz\u00f3n est\u00e1n con la causa boliviana\u201d, afirm\u00f3.<\/p>\n<p>&nbsp;<\/p>\n<p>Morales, que la ma\u00f1ana de este lunes se reunir\u00e1 adem\u00e1s con cuatro expresidentes para tratar el escenario post fallo de La Haya, dijo que la demanda, el proceso y el resultado ser\u00e1 del pueblo boliviano en su conjunto y no de una persona o de un grupo.<\/p>\n<p>&nbsp;<\/p>\n<p>\u201cEsta obra jur\u00eddica que llevamos adelante, como el resultado que se obtenga, no es propiedad de nadie en especial, es propiedad del pueblo boliviano que desde hace m\u00e1s de una d\u00e9cada est\u00e1 escribiendo con esfuerzo y sacrificio otra historia para nuestra querida Bolivia\u201d, afirm\u00f3.<\/p>\n<p>&nbsp;<\/p>\n<p>La cita de Morales ser\u00e1 con los expresidentes Carlos Mesa, Jorge Quiroga, Jaime Paz Zamora y Guido Vildozo. El expresidente Eduardo Rodr\u00edguez Vetlz\u00e9 no asistir\u00e1 a la cita debido a que se encuentra trabajando en los preparativos para la lectura del fallo en su condici\u00f3n de agente para la causa mar\u00edtima.<\/p>\n","protected":false},"excerpt":{"rendered":"<p>Exactamente a dos semanas de que la Corte Internacional de Justicia (CIJ) emita su dictamen sobre la demanda mar\u00edtima de Bolivia, el presidente Evo Morales convoc\u00f3 este lunes a su hom\u00f3logo de Chile, Sebasti\u00e1n Pi\u00f1era, a encontrar f\u00f3rmulas de entendimiento para superar este centenario diferendo &nbsp; &nbsp; &nbsp; &nbsp; Lo hizo en una conferencia de prensa en la Casa Grande del Pueblo, en la que repas\u00f3 el trayecto que sigui\u00f3 el proceso que fue planteado en 2013 y que dos a\u00f1os despu\u00e9s fue admitido por ese tribunal internacional, en lo&#8230;<\/p>\n","protected":false},"author":3,"featured_media":33396,"comment_status":"closed","ping_status":"closed","sticky":false,"template":"","format":"standard","meta":[],"categories":[4],"tags":[],"_links":{"self":[{"href":"https:\/\/www.actualidadadiario.com\/index.php\/wp-json\/wp\/v2\/posts\/33395"}],"collection":[{"href":"https:\/\/www.actualidadadiario.com\/index.php\/wp-json\/wp\/v2\/posts"}],"about":[{"href":"https:\/\/www.actualidadadiario.com\/index.php\/wp-json\/wp\/v2\/types\/post"}],"author":[{"embeddable":true,"href":"https:\/\/www.actualidadadiario.com\/index.php\/wp-json\/wp\/v2\/users\/3"}],"replies":[{"embeddable":true,"href":"https:\/\/www.actualidadadiario.com\/index.php\/wp-json\/wp\/v2\/comments?post=33395"}],"version-history":[{"count":1,"href":"https:\/\/www.actualidadadiario.com\/index.php\/wp-json\/wp\/v2\/posts\/33395\/revisions"}],"predecessor-version":[{"id":33397,"href":"https:\/\/www.actualidadadiario.com\/index.php\/wp-json\/wp\/v2\/posts\/33395\/revisions\/33397"}],"wp:featuredmedia":[{"embeddable":true,"href":"https:\/\/www.actualidadadiario.com\/index.php\/wp-json\/wp\/v2\/media\/33396"}],"wp:attachment":[{"href":"https:\/\/www.actualidadadiario.com\/index.php\/wp-json\/wp\/v2\/media?parent=33395"}],"wp:term":[{"taxonomy":"category","embeddable":true,"href":"https:\/\/www.actualidadadiario.com\/index.php\/wp-json\/wp\/v2\/categories?post=33395"},{"taxonomy":"post_tag","embeddable":true,"href":"https:\/\/www.actualidadadiario.com\/index.php\/wp-json\/wp\/v2\/tags?post=33395"}],"curies":[{"name":"wp","href":"https:\/\/api.w.org\/{rel}","templated":true}]}}