{"id":33392,"date":"2018-09-19T11:17:55","date_gmt":"2018-09-19T14:17:55","guid":{"rendered":"https:\/\/www.actualidadadiario.com\/?p=33392"},"modified":"2018-11-06T19:37:27","modified_gmt":"2018-11-06T22:37:27","slug":"el-lawfare-brasileno-le-permitio-a-la-favorita-en-minas-dilma-rousseff-ser-candidata-a-senadora","status":"publish","type":"post","link":"https:\/\/www.actualidadadiario.com\/index.php\/2018\/09\/19\/el-lawfare-brasileno-le-permitio-a-la-favorita-en-minas-dilma-rousseff-ser-candidata-a-senadora\/","title":{"rendered":"El &#8220;lawfare&#8221; brasile\u00f1o le permiti\u00f3 a la favorita en Minas, Dilma Rousseff, ser candidata a senadora"},"content":{"rendered":"<p><em><strong>As\u00ed lo determin\u00f3 el Tribunal Electoral de Minas Gerais, en apretada decisi\u00f3n, con cuatro votos a favor y tres en contra. La persecuci\u00f3n a los candidatos del PT se multiplica<\/strong><\/em><\/p>\n<p>&nbsp;<\/p>\n<p>&nbsp;<\/p>\n<p>&nbsp;<\/p>\n<p>La Justicia brasile\u00f1a rechaz\u00f3 el lunes los recursos presentados por varios adversarios y consider\u00f3 que la ex presidenta Dilma Rousseff puede concurrir a las elecciones de octubre para intentar lograr una plaza en el Senado.<\/p>\n<p>&nbsp;<\/p>\n<p>Los jueces del Tribunal Regional Electoral del estado de Minas Gerais (sureste) decidieron &#8220;con cuatro votos a favor y tres en contra&#8221; autorizar el registro de la candidatura de Rousseff, rechazando las peticiones del Partido Novo (una formaci\u00f3n de corte neoliberal) y otros, seg\u00fan inform\u00f3 la propia Corte.<\/p>\n<p>&nbsp;<\/p>\n<p>Los que ped\u00edan la impugnaci\u00f3n de la candidatura de Rousseff al Senado alegaban que cuando fue depuesta del Gobierno por un golpe de Estado, en el denominado &#8220;impeachment&#8221; de 2016, tambi\u00e9n deber\u00eda haber perdido sus derechos pol\u00edticos, lo que la hubiera inhabilitado durante ocho a\u00f1os para optar a cargos electos.<\/p>\n<p>&nbsp;<\/p>\n<p>Sin embargo, en aquella ocasi\u00f3n el Congreso Nacional decidi\u00f3 dividir el juicio pol\u00edtico en dos partes; los parlamentarios retiraron a Rousseff de la presidencia, pero consideraron que pod\u00eda mantener su elegibilidad, y ahora los jueces han confirmado esa decisi\u00f3n.<\/p>\n<p>&nbsp;<\/p>\n<p>La ex mandataria celebr\u00f3 la decisi\u00f3n a trav\u00e9s de Twitter diciendo que &#8220;siempre&#8221; confi\u00f3 en la Justicia.<\/p>\n<p>&nbsp;<\/p>\n<p>Rousseff lidera las intenciones de voto para ocupar un esca\u00f1o en el Senado por Minas Gerais, el estado en que naci\u00f3, estudi\u00f3 y tuvo su primer contacto con el activismo pol\u00edtico.<\/p>\n<p>&nbsp;<\/p>\n<p>En las elecciones de octubre (la primera vuelta es el d\u00eda 7, y de ser necesaria, la segunda se realizar\u00e1 el 28) los brasile\u00f1os escoger\u00e1n nuevo presidente, pero tambi\u00e9n senadores, diputados y los representantes de las asambleas legislativas y gobiernos de cada estado del pa\u00eds.<\/p>\n","protected":false},"excerpt":{"rendered":"<p>As\u00ed lo determin\u00f3 el Tribunal Electoral de Minas Gerais, en apretada decisi\u00f3n, con cuatro votos a favor y tres en contra. La persecuci\u00f3n a los candidatos del PT se multiplica &nbsp; &nbsp; &nbsp; La Justicia brasile\u00f1a rechaz\u00f3 el lunes los recursos presentados por varios adversarios y consider\u00f3 que la ex presidenta Dilma Rousseff puede concurrir a las elecciones de octubre para intentar lograr una plaza en el Senado. &nbsp; Los jueces del Tribunal Regional Electoral del estado de Minas Gerais (sureste) decidieron &#8220;con cuatro votos a favor y tres en&#8230;<\/p>\n","protected":false},"author":3,"featured_media":33393,"comment_status":"closed","ping_status":"closed","sticky":false,"template":"","format":"standard","meta":[],"categories":[4],"tags":[],"_links":{"self":[{"href":"https:\/\/www.actualidadadiario.com\/index.php\/wp-json\/wp\/v2\/posts\/33392"}],"collection":[{"href":"https:\/\/www.actualidadadiario.com\/index.php\/wp-json\/wp\/v2\/posts"}],"about":[{"href":"https:\/\/www.actualidadadiario.com\/index.php\/wp-json\/wp\/v2\/types\/post"}],"author":[{"embeddable":true,"href":"https:\/\/www.actualidadadiario.com\/index.php\/wp-json\/wp\/v2\/users\/3"}],"replies":[{"embeddable":true,"href":"https:\/\/www.actualidadadiario.com\/index.php\/wp-json\/wp\/v2\/comments?post=33392"}],"version-history":[{"count":1,"href":"https:\/\/www.actualidadadiario.com\/index.php\/wp-json\/wp\/v2\/posts\/33392\/revisions"}],"predecessor-version":[{"id":33394,"href":"https:\/\/www.actualidadadiario.com\/index.php\/wp-json\/wp\/v2\/posts\/33392\/revisions\/33394"}],"wp:featuredmedia":[{"embeddable":true,"href":"https:\/\/www.actualidadadiario.com\/index.php\/wp-json\/wp\/v2\/media\/33393"}],"wp:attachment":[{"href":"https:\/\/www.actualidadadiario.com\/index.php\/wp-json\/wp\/v2\/media?parent=33392"}],"wp:term":[{"taxonomy":"category","embeddable":true,"href":"https:\/\/www.actualidadadiario.com\/index.php\/wp-json\/wp\/v2\/categories?post=33392"},{"taxonomy":"post_tag","embeddable":true,"href":"https:\/\/www.actualidadadiario.com\/index.php\/wp-json\/wp\/v2\/tags?post=33392"}],"curies":[{"name":"wp","href":"https:\/\/api.w.org\/{rel}","templated":true}]}}