{"id":33389,"date":"2018-09-19T11:16:39","date_gmt":"2018-09-19T14:16:39","guid":{"rendered":"https:\/\/www.actualidadadiario.com\/?p=33389"},"modified":"2018-11-06T19:37:28","modified_gmt":"2018-11-06T22:37:28","slug":"frigerio-manejara-los-4-125-m-para-compensar-el-recorte-del-fondo-sojero","status":"publish","type":"post","link":"https:\/\/www.actualidadadiario.com\/index.php\/2018\/09\/19\/frigerio-manejara-los-4-125-m-para-compensar-el-recorte-del-fondo-sojero\/","title":{"rendered":"Frigerio manejar\u00e1 los $4.125 M para compensar el recorte del Fondo Sojero"},"content":{"rendered":"<p><em><strong>El ministerio del Interior podr\u00e1 \u201cdisponer la transferencia directa\u201d del dinero que el Gobierno cedi\u00f3 para frenar la sesi\u00f3n que impuls\u00f3 la oposici\u00f3n. El reparto ser\u00e1 seg\u00fan \u00edndice de coparticipaci\u00f3n<\/strong><\/em><\/p>\n<p>&nbsp;<\/p>\n<p>&nbsp;<\/p>\n<p>&nbsp;<\/p>\n<p>&nbsp;<\/p>\n<p>El ministerio de Interior estar\u00e1 a cargo de &#8220;la transferencia directa&#8221; de los fondos que el Gobierno cedi\u00f3 a las provincias y los municipios para compensar la p\u00e9rdida por la eliminaci\u00f3n del Fondo Sojero y frenar as\u00ed la sesi\u00f3n opositora que estaba prevista para este mi\u00e9rcoles. Ese monto de dinero se repartir\u00e1 de acuerdo con el r\u00e9gimen de coparticipaci\u00f3n federal entre las provincias que aprobaron el Consenso Fiscal (todas excepto San Luis y La Pampa), en cuatro cuotas fijas y consecutivas entre septiembre y diciembre.<\/p>\n<p>&nbsp;<\/p>\n<p>Seg\u00fan el decreto 836 publicado este mi\u00e9rcoles en el Bolet\u00edn Oficial, el Gobierno crea el &#8220;Programa de Asistencia Financiera a Provincias y Municipios&#8221; por un monto de 4.125 millones de pesos.<\/p>\n<p>&nbsp;<\/p>\n<p>La cartera a cargo de Rogelio Frigerio a trav\u00e9s de la secretaria de Provincias y Municipios &#8220;podr\u00e1 disponer la transferencia directa de los fondos a cada municipio.&#8221;.<\/p>\n<p>&nbsp;<\/p>\n<p>El programa reemplaza al denominado &#8220;Fondo Sojero&#8221;, el cual funcionaba con un porcentaje de la recaudaci\u00f3n por derechos de exportaci\u00f3n y transferencia inmediata, seg\u00fan coparticipaci\u00f3n.<\/p>\n<p>&nbsp;<\/p>\n<p>Tras negociar con el peronismo federal, el Presidente dispuso este martes la creaci\u00f3n de un Programa de Asistencia Financiera a provincias y municipios, por el cual libera $4.125 millones que compensar\u00e1n la p\u00e9rdida de los recursos que hab\u00eda generado el DNU para este a\u00f1o.<\/p>\n<p>&nbsp;<\/p>\n<p>De esta manera, el Gobierno logr\u00f3 evitar a toda costa que la oposici\u00f3n llegara a sentarse en el recinto en la sesi\u00f3n especial que solicit\u00f3 el jueves pasado un grupo de diputados del interbloque Argentina Federal y del kirchnerismo.<\/p>\n<p>&nbsp;<\/p>\n<p>El pedido, impulsado por el gobernador Juan Manzur , hab\u00eda sido motorizado por el tucumano Pablo Yedlin y fue respaldado por varios de sus compa\u00f1eros de bancada, como Eduardo \u201cBali\u201d Bucca (Buenos Aires), Sergio Ziliotto (La Pampa) y Mayda Cresto (Entre R\u00edos), el presidente del bloque del Frente para la Victoria, Agust\u00edn Rossi, y Fernando Espinoza.<\/p>\n","protected":false},"excerpt":{"rendered":"<p>El ministerio del Interior podr\u00e1 \u201cdisponer la transferencia directa\u201d del dinero que el Gobierno cedi\u00f3 para frenar la sesi\u00f3n que impuls\u00f3 la oposici\u00f3n. El reparto ser\u00e1 seg\u00fan \u00edndice de coparticipaci\u00f3n &nbsp; &nbsp; &nbsp; &nbsp; El ministerio de Interior estar\u00e1 a cargo de &#8220;la transferencia directa&#8221; de los fondos que el Gobierno cedi\u00f3 a las provincias y los municipios para compensar la p\u00e9rdida por la eliminaci\u00f3n del Fondo Sojero y frenar as\u00ed la sesi\u00f3n opositora que estaba prevista para este mi\u00e9rcoles. Ese monto de dinero se repartir\u00e1 de acuerdo con el&#8230;<\/p>\n","protected":false},"author":3,"featured_media":33390,"comment_status":"closed","ping_status":"closed","sticky":false,"template":"","format":"standard","meta":[],"categories":[9],"tags":[],"_links":{"self":[{"href":"https:\/\/www.actualidadadiario.com\/index.php\/wp-json\/wp\/v2\/posts\/33389"}],"collection":[{"href":"https:\/\/www.actualidadadiario.com\/index.php\/wp-json\/wp\/v2\/posts"}],"about":[{"href":"https:\/\/www.actualidadadiario.com\/index.php\/wp-json\/wp\/v2\/types\/post"}],"author":[{"embeddable":true,"href":"https:\/\/www.actualidadadiario.com\/index.php\/wp-json\/wp\/v2\/users\/3"}],"replies":[{"embeddable":true,"href":"https:\/\/www.actualidadadiario.com\/index.php\/wp-json\/wp\/v2\/comments?post=33389"}],"version-history":[{"count":1,"href":"https:\/\/www.actualidadadiario.com\/index.php\/wp-json\/wp\/v2\/posts\/33389\/revisions"}],"predecessor-version":[{"id":33391,"href":"https:\/\/www.actualidadadiario.com\/index.php\/wp-json\/wp\/v2\/posts\/33389\/revisions\/33391"}],"wp:featuredmedia":[{"embeddable":true,"href":"https:\/\/www.actualidadadiario.com\/index.php\/wp-json\/wp\/v2\/media\/33390"}],"wp:attachment":[{"href":"https:\/\/www.actualidadadiario.com\/index.php\/wp-json\/wp\/v2\/media?parent=33389"}],"wp:term":[{"taxonomy":"category","embeddable":true,"href":"https:\/\/www.actualidadadiario.com\/index.php\/wp-json\/wp\/v2\/categories?post=33389"},{"taxonomy":"post_tag","embeddable":true,"href":"https:\/\/www.actualidadadiario.com\/index.php\/wp-json\/wp\/v2\/tags?post=33389"}],"curies":[{"name":"wp","href":"https:\/\/api.w.org\/{rel}","templated":true}]}}