{"id":33386,"date":"2018-09-19T11:15:50","date_gmt":"2018-09-19T14:15:50","guid":{"rendered":"https:\/\/www.actualidadadiario.com\/?p=33386"},"modified":"2018-11-06T19:37:28","modified_gmt":"2018-11-06T22:37:28","slug":"grabois-libre-por-la-unidad-contra-este-gobierno-autoritario-y-saqueador","status":"publish","type":"post","link":"https:\/\/www.actualidadadiario.com\/index.php\/2018\/09\/19\/grabois-libre-por-la-unidad-contra-este-gobierno-autoritario-y-saqueador\/","title":{"rendered":"Grabois, libre: por &#8220;la unidad&#8221; contra &#8220;este gobierno autoritario&#8221; y &#8220;saqueador&#8221;"},"content":{"rendered":"<p><em><strong>El dirigente social fue reprimido y detenido cuando participaba de una protesta en constituci\u00f3n. Tras estar detenido, agradeci\u00f3 el acompa\u00f1amiento y critic\u00f3 a Cambiemos<\/strong><\/em><\/p>\n<p>&nbsp;<\/p>\n<p>&nbsp;<\/p>\n<p>&nbsp;<\/p>\n<p>&nbsp;<\/p>\n<p>El dirigente social Juan Grabois, principal referente de las organizaciones que se movilizan contra las pol\u00edticas del Gobierno, convoc\u00f3 a la \u201cunidad\u201d para defender a los \u201claburantes\u201d del Gobierno, al que calific\u00f3 de \u201cautoritario\u201d y \u201csaqueador\u201d. El referente de la CTEP estuvo detenido cuatro horas en la Comisar\u00eda 18 despu\u00e9s de participar de una protesta para reclamar la liberaci\u00f3n de dos militantes del Movimiento de Trabajadores Excluidos (MTE) y de seis vendedores callejeros senegaleses.<\/p>\n<p>&nbsp;<\/p>\n<p>\u201cOjal\u00e1 el enorme marco de unidad que se congrego bajo la lluvia para defender a un pu\u00f1ado de laburantes y luchadores sociales de un gobierno autoritario se conserve para defender al Pueblo argentino del saqueo y la miseria planificada. \u00a1Gracias!\u201d, escribi\u00f3 Grabois en su cuenta de Twitter. Luego de que se conociera la detenci\u00f3n, se concentraron afuera de la comisar\u00eda para esperar la salida de Grabois dirigentes sindicales como Juan Schmid de la CGT, Eduardo L\u00f3pez de Ctera y Roberto Pianelli de los metrodelegados; los diputados Leopoldo Moreau y Felipe Sol\u00e1; Eduardo L\u00f3pez, de Ctera; y Emilio P\u00e9rsico, del Movimiento Evita.<\/p>\n","protected":false},"excerpt":{"rendered":"<p>El dirigente social fue reprimido y detenido cuando participaba de una protesta en constituci\u00f3n. Tras estar detenido, agradeci\u00f3 el acompa\u00f1amiento y critic\u00f3 a Cambiemos &nbsp; &nbsp; &nbsp; &nbsp; El dirigente social Juan Grabois, principal referente de las organizaciones que se movilizan contra las pol\u00edticas del Gobierno, convoc\u00f3 a la \u201cunidad\u201d para defender a los \u201claburantes\u201d del Gobierno, al que calific\u00f3 de \u201cautoritario\u201d y \u201csaqueador\u201d. El referente de la CTEP estuvo detenido cuatro horas en la Comisar\u00eda 18 despu\u00e9s de participar de una protesta para reclamar la liberaci\u00f3n de dos militantes&#8230;<\/p>\n","protected":false},"author":3,"featured_media":33387,"comment_status":"closed","ping_status":"closed","sticky":false,"template":"","format":"standard","meta":[],"categories":[18],"tags":[],"_links":{"self":[{"href":"https:\/\/www.actualidadadiario.com\/index.php\/wp-json\/wp\/v2\/posts\/33386"}],"collection":[{"href":"https:\/\/www.actualidadadiario.com\/index.php\/wp-json\/wp\/v2\/posts"}],"about":[{"href":"https:\/\/www.actualidadadiario.com\/index.php\/wp-json\/wp\/v2\/types\/post"}],"author":[{"embeddable":true,"href":"https:\/\/www.actualidadadiario.com\/index.php\/wp-json\/wp\/v2\/users\/3"}],"replies":[{"embeddable":true,"href":"https:\/\/www.actualidadadiario.com\/index.php\/wp-json\/wp\/v2\/comments?post=33386"}],"version-history":[{"count":1,"href":"https:\/\/www.actualidadadiario.com\/index.php\/wp-json\/wp\/v2\/posts\/33386\/revisions"}],"predecessor-version":[{"id":33388,"href":"https:\/\/www.actualidadadiario.com\/index.php\/wp-json\/wp\/v2\/posts\/33386\/revisions\/33388"}],"wp:featuredmedia":[{"embeddable":true,"href":"https:\/\/www.actualidadadiario.com\/index.php\/wp-json\/wp\/v2\/media\/33387"}],"wp:attachment":[{"href":"https:\/\/www.actualidadadiario.com\/index.php\/wp-json\/wp\/v2\/media?parent=33386"}],"wp:term":[{"taxonomy":"category","embeddable":true,"href":"https:\/\/www.actualidadadiario.com\/index.php\/wp-json\/wp\/v2\/categories?post=33386"},{"taxonomy":"post_tag","embeddable":true,"href":"https:\/\/www.actualidadadiario.com\/index.php\/wp-json\/wp\/v2\/tags?post=33386"}],"curies":[{"name":"wp","href":"https:\/\/api.w.org\/{rel}","templated":true}]}}