{"id":33377,"date":"2018-09-19T11:13:29","date_gmt":"2018-09-19T14:13:29","guid":{"rendered":"https:\/\/www.actualidadadiario.com\/?p=33377"},"modified":"2018-11-06T19:37:28","modified_gmt":"2018-11-06T22:37:28","slug":"la-cgt-y-gremios-combativos-ratificaron-paro-del-25-de-septiembre","status":"publish","type":"post","link":"https:\/\/www.actualidadadiario.com\/index.php\/2018\/09\/19\/la-cgt-y-gremios-combativos-ratificaron-paro-del-25-de-septiembre\/","title":{"rendered":"La CGT y gremios &#8220;combativos&#8221; ratificaron paro del 25 de septiembre"},"content":{"rendered":"<p><em><strong>&#8220;El paro nacional no se levanta&#8221;, advirti\u00f3 el triunviro H\u00e9ctor Daer, en respuesta a Hugo Moyano. En tanto, sindicalistas se mostraron juntos de cara a un plenario y confirmaron movilizaci\u00f3n por el Presupuesto<\/strong><\/em><\/p>\n<p>&nbsp;<\/p>\n<p>&nbsp;<\/p>\n<p>&nbsp;<\/p>\n<p>&nbsp;<\/p>\n<p>&nbsp;<\/p>\n<p>La conducci\u00f3n de la CGT ratific\u00f3 este martes el paro nacional convocado para el pr\u00f3ximo 25 de septiembre. &#8220;Para los que dudan y generan confusi\u00f3n, seamos claros: el paro nacional no se levanta&#8221;, advirti\u00f3 H\u00e9ctor Daer, integrante del triunvirato que encabeza la central obrera.<\/p>\n<p>&nbsp;<\/p>\n<p>El sindicalista se pronunci\u00f3 de esa forma a trav\u00e9s de una red social luego de que el jefe del gremio de Camioneros, Hugo Moyano, saliera a marcarle la cancha en declaraciones period\u00edsticas.<\/p>\n<p>&nbsp;<\/p>\n<p>Moyano hab\u00eda advertido que &#8220;ser\u00eda un suicidio&#8221; que la CGT suspendiera la medida de fuerza general convocada para rechazar el ajuste previsto en el Presupuesto 2019.<\/p>\n<p>&nbsp;<\/p>\n<p>En tanto, los gremios combativos que conforman el Frente Sindical para el Modelo Nacional se mostraron juntos para convocar a un plenario el pr\u00f3ximo jueves, al tiempo que ratificaron su participaci\u00f3n en el paro nacional del 25 de septiembre pr\u00f3ximo y anunciaron que se movilizar\u00e1n al Congreso cuando la C\u00e1mara de Diputados trate el proyecto de presupuesto para 2019.<\/p>\n<p>&nbsp;<\/p>\n<p>&#8220;Debemos dar la posibilidad de una resistencia ante este avance del ajuste que hay. Muchos trabajadores necesitan contenci\u00f3n&#8221;, se\u00f1al\u00f3 durante una conferencia de prensa el titular de la Asociaci\u00f3n Bancaria, Sergio Palazzo, acompa\u00f1ado por Pablo Moyano, de Camioneros, y Ricardo Pignanelli, del SMATA.<\/p>\n<p>&nbsp;<\/p>\n<p>Tras confirmar el plenario en el Club Ferro Carril Oeste, en esta capital, para el pr\u00f3ximo jueves, los sindicalistas confirmaron su participaci\u00f3n en el paro nacional del 25 de septiembre pr\u00f3ximo.<\/p>\n<p>&nbsp;<\/p>\n<p>&#8220;Para el d\u00eda 25 no hay ninguna fractura. Hay un paro nacional que fue votado en el plenario de secretarios generales (de la CGT) con presencia de este espacio&#8221;, explic\u00f3 Palazzo, al minimizar las diferencias en la central obrera de cara a la medida de fuerza.<\/p>\n<p>&nbsp;<\/p>\n<p>A su vez, Pignanelli indic\u00f3 que &#8220;la desavenencia en la c\u00fapula de la CGT fue hist\u00f3rica, pero hay algo que los dirigentes siempre respetaron que fue la unificaci\u00f3n de las regionales del conurbano y del interior&#8221;.<\/p>\n<p>&nbsp;<\/p>\n<p>&#8220;Esto es lo que est\u00e1 empujando a tomar medidas de acci\u00f3n en com\u00fan. Si bien la unidad en su cabecera todav\u00eda no se logr\u00f3 es evidente que la unidad abajo est\u00e1, porque est\u00e1 el reclamo&#8221;, subray\u00f3.<\/p>\n<p>&nbsp;<\/p>\n<p>El jefe del gremio de mec\u00e1nicos asegur\u00f3 que existe &#8220;un ruego de los compa\u00f1eros diciendo \u00fananse&#8221;.<\/p>\n<p>&nbsp;<\/p>\n<p>En tanto, Pablo Moyano confirm\u00f3 la intenci\u00f3n de ese sector sindical de &#8220;movilizar al Congreso el d\u00eda que se trate el Presupuesto&#8221;.<\/p>\n","protected":false},"excerpt":{"rendered":"<p>&#8220;El paro nacional no se levanta&#8221;, advirti\u00f3 el triunviro H\u00e9ctor Daer, en respuesta a Hugo Moyano. En tanto, sindicalistas se mostraron juntos de cara a un plenario y confirmaron movilizaci\u00f3n por el Presupuesto &nbsp; &nbsp; &nbsp; &nbsp; &nbsp; La conducci\u00f3n de la CGT ratific\u00f3 este martes el paro nacional convocado para el pr\u00f3ximo 25 de septiembre. &#8220;Para los que dudan y generan confusi\u00f3n, seamos claros: el paro nacional no se levanta&#8221;, advirti\u00f3 H\u00e9ctor Daer, integrante del triunvirato que encabeza la central obrera. &nbsp; El sindicalista se pronunci\u00f3 de esa forma&#8230;<\/p>\n","protected":false},"author":3,"featured_media":33378,"comment_status":"closed","ping_status":"closed","sticky":false,"template":"","format":"standard","meta":[],"categories":[18],"tags":[],"_links":{"self":[{"href":"https:\/\/www.actualidadadiario.com\/index.php\/wp-json\/wp\/v2\/posts\/33377"}],"collection":[{"href":"https:\/\/www.actualidadadiario.com\/index.php\/wp-json\/wp\/v2\/posts"}],"about":[{"href":"https:\/\/www.actualidadadiario.com\/index.php\/wp-json\/wp\/v2\/types\/post"}],"author":[{"embeddable":true,"href":"https:\/\/www.actualidadadiario.com\/index.php\/wp-json\/wp\/v2\/users\/3"}],"replies":[{"embeddable":true,"href":"https:\/\/www.actualidadadiario.com\/index.php\/wp-json\/wp\/v2\/comments?post=33377"}],"version-history":[{"count":1,"href":"https:\/\/www.actualidadadiario.com\/index.php\/wp-json\/wp\/v2\/posts\/33377\/revisions"}],"predecessor-version":[{"id":33379,"href":"https:\/\/www.actualidadadiario.com\/index.php\/wp-json\/wp\/v2\/posts\/33377\/revisions\/33379"}],"wp:featuredmedia":[{"embeddable":true,"href":"https:\/\/www.actualidadadiario.com\/index.php\/wp-json\/wp\/v2\/media\/33378"}],"wp:attachment":[{"href":"https:\/\/www.actualidadadiario.com\/index.php\/wp-json\/wp\/v2\/media?parent=33377"}],"wp:term":[{"taxonomy":"category","embeddable":true,"href":"https:\/\/www.actualidadadiario.com\/index.php\/wp-json\/wp\/v2\/categories?post=33377"},{"taxonomy":"post_tag","embeddable":true,"href":"https:\/\/www.actualidadadiario.com\/index.php\/wp-json\/wp\/v2\/tags?post=33377"}],"curies":[{"name":"wp","href":"https:\/\/api.w.org\/{rel}","templated":true}]}}