{"id":33374,"date":"2018-09-19T11:12:38","date_gmt":"2018-09-19T14:12:38","guid":{"rendered":"https:\/\/www.actualidadadiario.com\/?p=33374"},"modified":"2018-11-06T19:37:28","modified_gmt":"2018-11-06T22:37:28","slug":"los-ocho-negociadores-que-aceleraron-el-consenso-fiscal-2018","status":"publish","type":"post","link":"https:\/\/www.actualidadadiario.com\/index.php\/2018\/09\/19\/los-ocho-negociadores-que-aceleraron-el-consenso-fiscal-2018\/","title":{"rendered":"Los ocho negociadores que aceleraron el Consenso Fiscal 2018"},"content":{"rendered":"<p><em><strong>Son diputados de Argentina Federal que el Gobierno identifica como claves para el decreto que bajar\u00e1 m\u00e1s de $4.000 millones a las provincias. La mayor\u00eda tienen terminal en gobernadores peronistas<\/strong><\/em><\/p>\n<p>&nbsp;<\/p>\n<p>&nbsp;<\/p>\n<p>&nbsp;<\/p>\n<p>&nbsp;<\/p>\n<p>A tres d\u00edas del primer cierre para la recolecci\u00f3n de adhesiones provinciales al \u201cConsenso Fiscal 2018\u201d, el Gobierno concret\u00f3 dos movimientos con el objetivo de acelerar la acumulaci\u00f3n de r\u00fabricas: hizo circular el borrador de un decreto de necesidad y urgencia para compensar la anulaci\u00f3n del Fondo Federal Solidario (FoFeSo) y adjudic\u00f3 su redacci\u00f3n a \u201clas gestiones de los gobernadores y diputados del bloque Argentina Federal\u201d.<\/p>\n<p>&nbsp;<\/p>\n<p>Dentro de la Casa Rosada, uno de los escuderos de Cambiemos que forma parte del intercambio con los gobernadores provinciales confi\u00f3 que la creaci\u00f3n del fondo para compensar la amputaci\u00f3n del fondo sojero comenz\u00f3 a discutirse a mediados de agosto, cuando arreciaron las cr\u00edticas de los gobernadores provinciales por la intempestiva anulaci\u00f3n de esa caja creada en 2009 para financiar obras de baja y mediana escala en todos los municipios del pa\u00eds con una parte de la recaudaci\u00f3n fiscal por la exportaci\u00f3n de soja y ma\u00edz.<\/p>\n<p>&nbsp;<\/p>\n<p>La primera se\u00f1al la aport\u00f3 el ministro del Interior, Rogelio Frigerio, el 21 de agosto, durante una visita oficial a Misiones, donde se mostr\u00f3 con el mandatario local Hugo Passalaqua. \u201cEstamos trabajando con algunos gobernadores para ver la posibilidad de generar alg\u00fan mecanismo, sobre todo, para los intendentes, para que no se paren las obras a nivel municipal\u201d, desliz\u00f3 el funcionario en referencia a las negociaciones que, esperan en el Gobierno, se hayan cerrado con el decreto que crear\u00e1 el fondo compensatorio. E identifican como parte central de esas conversaciones a ocho diputados: Pablo Yedlin (Tucum\u00e1n), Pablo Kosiner (Salta), Walberto Allende (San Juan), Jorge Franco (Misiones), Mart\u00edn Llaryora (C\u00f3rdoba), Juan Jos\u00e9 Bahillo (Entre R\u00edos), Elda P\u00e9rtile (Chaco) y Eduardo &#8220;Bali&#8221; Bucca (Buenos Aires).<\/p>\n<p>&nbsp;<\/p>\n<p>A excepci\u00f3n de Bucca, el resto de estos diputados responde a los gobernadores de su provincia. Todos ellos del grupo de mandatarios m\u00e1s dialoguista con la Casa Rosada: el tucumano Juan Manzur, el salte\u00f1o Juan Manuel Urtubey, el sanjuanino Sergio U\u00f1ac, el misionero Passalaqua, el cordob\u00e9s Juan Schiaretti, el entrerriano Gustavo Bordet y el chaque\u00f1o Domingo Peppo.<\/p>\n<p>&nbsp;<\/p>\n<p>El texto que ofert\u00f3 el Ejecutivo este martes, en medio de la negociaci\u00f3n legislativa por el presupuesto, busc\u00f3 evitar la realizaci\u00f3n de una sesi\u00f3n especial prevista para este mi\u00e9rcoles en la C\u00e1mara de Diputados, que iba a dejar sin efecto el decreto que hace 40 d\u00edas firm\u00f3 Macri para anular el fondo sojero. Durante ese lapso de tiempo, los ocho diputados nacionales trabajaron en reserva con el Gobierno para buscar una salida alternativa que compensara el impacto negativo en los municipios para lo que resta del a\u00f1o. Como resultado, surgi\u00f3 el \u201ccontra decreto\u201d de compensaci\u00f3n, que crear\u00e1 un \u201cPrograma de Asistencia Financiera a Provincias y Municipios\u201d que contar\u00e1 con 4.125 millones de pesos que \u201ctransferir\u00e1n a las jurisdicciones que aprobaron el Consenso Fiscal\u201d. El pago, a cambio de la r\u00fabrica, ser\u00e1 en \u201ccuatro cuotas iguales, mensuales y consecutivas\u201d.<\/p>\n<p>&nbsp;<\/p>\n<p>Con esta caja, que depende de la cartera de Interior, en el Gobierno aseguran que la ronda de firmas podr\u00eda acelerarse. Hasta ahora ya firmaron U\u00f1ac, Schiaretti, Bordet, Omar Guti\u00e9rrez (Neuqu\u00e9n), Passalaqua, Horacio Rodr\u00edguez Larreta (CABA), Urtubey y Peppo. A ellos se sumar\u00eda, en las pr\u00f3ximas horas, Manzur. Por ahora no hay noticias del socialista Miguel Lifschitz (Santa Fe). En Balcarce 50 aseguran que tambi\u00e9n firmar\u00e1 la gobernadora bonaerense Mar\u00eda Eugenia Vidal, pero hasta ahora no hay precisiones sobre los caciques provinciales que adelantar\u00edan su apoyo a \u201cla ampliaci\u00f3n\u201d del Consenso Fiscal 2017, que en la Casa Rosada bautizaron \u201cadenda\u201d, pero reformula y actualiza buena parte del texto original firmado por 21 gobernadores y 3 vicegobernadores.<\/p>\n<p>&nbsp;<\/p>\n<p>En los c\u00e1lculos del Gobierno, las obras que resultaron frenadas por la anulaci\u00f3n del FoFeSo llegaban a unos 8.000 millones de pesos. \u201cYa compensamos 2.700 millones de pesos con reintegros de IVA, por coparticipaci\u00f3n\u201d y con este decreto sumamos \u201c4.100 millones\u201d, explic\u00f3 una alta fuente de la cartera pol\u00edtica. Sin embargo, la cifra podr\u00eda ser mayor en algunas provincias. Para esos nubarrones, la Naci\u00f3n no descarta utilizar el Fondo Federal Fiduciario de Infraestructura Regional (FFFIR) que podr\u00eda aportar cr\u00e9ditos blandos. La opci\u00f3n podr\u00eda entrar en juego \u201cdurante las pr\u00f3ximas semanas\u201d, aunque los operadores del Gobierno aguardan que la oferta de la compensaci\u00f3n con el \u201ccontra \u2013 decreto\u201d surta efecto y sume gobernadores a la decena que ya firm\u00f3 el nuevo consenso fiscal, que la Casa Rosada pretende presentar este viernes en el Senado. Algunos funcionarios aseguran que la negociaci\u00f3n podr\u00eda extenderse tambi\u00e9n durante la semana pr\u00f3xima, a cambio de sumar m\u00e1s r\u00fabricas.<\/p>\n","protected":false},"excerpt":{"rendered":"<p>Son diputados de Argentina Federal que el Gobierno identifica como claves para el decreto que bajar\u00e1 m\u00e1s de $4.000 millones a las provincias. La mayor\u00eda tienen terminal en gobernadores peronistas &nbsp; &nbsp; &nbsp; &nbsp; A tres d\u00edas del primer cierre para la recolecci\u00f3n de adhesiones provinciales al \u201cConsenso Fiscal 2018\u201d, el Gobierno concret\u00f3 dos movimientos con el objetivo de acelerar la acumulaci\u00f3n de r\u00fabricas: hizo circular el borrador de un decreto de necesidad y urgencia para compensar la anulaci\u00f3n del Fondo Federal Solidario (FoFeSo) y adjudic\u00f3 su redacci\u00f3n a \u201clas&#8230;<\/p>\n","protected":false},"author":3,"featured_media":33375,"comment_status":"closed","ping_status":"closed","sticky":false,"template":"","format":"standard","meta":[],"categories":[18],"tags":[],"_links":{"self":[{"href":"https:\/\/www.actualidadadiario.com\/index.php\/wp-json\/wp\/v2\/posts\/33374"}],"collection":[{"href":"https:\/\/www.actualidadadiario.com\/index.php\/wp-json\/wp\/v2\/posts"}],"about":[{"href":"https:\/\/www.actualidadadiario.com\/index.php\/wp-json\/wp\/v2\/types\/post"}],"author":[{"embeddable":true,"href":"https:\/\/www.actualidadadiario.com\/index.php\/wp-json\/wp\/v2\/users\/3"}],"replies":[{"embeddable":true,"href":"https:\/\/www.actualidadadiario.com\/index.php\/wp-json\/wp\/v2\/comments?post=33374"}],"version-history":[{"count":1,"href":"https:\/\/www.actualidadadiario.com\/index.php\/wp-json\/wp\/v2\/posts\/33374\/revisions"}],"predecessor-version":[{"id":33376,"href":"https:\/\/www.actualidadadiario.com\/index.php\/wp-json\/wp\/v2\/posts\/33374\/revisions\/33376"}],"wp:featuredmedia":[{"embeddable":true,"href":"https:\/\/www.actualidadadiario.com\/index.php\/wp-json\/wp\/v2\/media\/33375"}],"wp:attachment":[{"href":"https:\/\/www.actualidadadiario.com\/index.php\/wp-json\/wp\/v2\/media?parent=33374"}],"wp:term":[{"taxonomy":"category","embeddable":true,"href":"https:\/\/www.actualidadadiario.com\/index.php\/wp-json\/wp\/v2\/categories?post=33374"},{"taxonomy":"post_tag","embeddable":true,"href":"https:\/\/www.actualidadadiario.com\/index.php\/wp-json\/wp\/v2\/tags?post=33374"}],"curies":[{"name":"wp","href":"https:\/\/api.w.org\/{rel}","templated":true}]}}