{"id":33363,"date":"2018-09-19T11:03:24","date_gmt":"2018-09-19T14:03:24","guid":{"rendered":"https:\/\/www.actualidadadiario.com\/?p=33363"},"modified":"2018-11-06T19:37:28","modified_gmt":"2018-11-06T22:37:28","slug":"la-expectativa-social-sobre-la-economia-acentuo-su-tendencia-negativa-en-agosto","status":"publish","type":"post","link":"https:\/\/www.actualidadadiario.com\/index.php\/2018\/09\/19\/la-expectativa-social-sobre-la-economia-acentuo-su-tendencia-negativa-en-agosto\/","title":{"rendered":"La expectativa social sobre la econom\u00eda acentu\u00f3 su tendencia negativa en agosto"},"content":{"rendered":"<p><em><strong>El relevamiento del \u00cdndice General de Expectativa Econ\u00f3mica de Kantar TNS mostr\u00f3 la ca\u00edda en un punto con respecto a julio y se profundiz\u00f3 el pesimismo a futuro<\/strong><\/em><\/p>\n<p>&nbsp;<\/p>\n<p>&nbsp;<\/p>\n<p>&nbsp;<\/p>\n<p>En los \u00faltimos meses, la percepci\u00f3n social de la situaci\u00f3n econ\u00f3mica sufri\u00f3 un nuevo impacto producto de la megadepreciaci\u00f3n que viene golpeando la moneda local y el continuo aumento de la inflaci\u00f3n. El \u00edndice que mide el &#8220;humor social&#8221; cay\u00f3 un punto en agosto con respecto a julio y reafirm\u00f3 su tendencia negativa reiniciada en marzo.<\/p>\n<p>&nbsp;<\/p>\n<p>El dato se desprende del relevamiento realizado por la agencia de investigaci\u00f3n Kantar TNS a partir de la conformaci\u00f3n del \u00cdndice General de Expectativas Econ\u00f3micas (IGEE). El s\u00e9ptimo mes del a\u00f1o, las expectativas econ\u00f3micas se ubicaban en torno a los 72 puntos mientras que el mes pasado se contrajo un punto al caer a 71.<\/p>\n<p>&nbsp;<\/p>\n<p>El nivel de pesimismo en cuanto al nivel general de las expectativas econ\u00f3micas cay\u00f3 a cifras por debajo del piso de la serie hist\u00f3rica de 2009.<\/p>\n<p>&nbsp;<\/p>\n<p>El informe efectuado en base a una muestra de 1202 casos a nivel nacional en 168 localidades, mostr\u00f3 una baja en particular de las expectativas a futuro con respecto a la situaci\u00f3n actual y futura. Por un lado, la primera baj\u00f3 de 70 a 66 en igual per\u00edodo, mientras que la segunda pas\u00f3 de 63 a 60.<\/p>\n<p>&nbsp;<\/p>\n<p>Julieta Dejean, directora comercial de Kantar TNS, sostuvo que la tendencia a la baja comenz\u00f3 evidenciarse a partir de la segunda mitad de 2017 pero en marzo se acentu\u00f3, reafirm\u00e1ndose en los meses siguientes. &#8220;A partir de la segunda mitad de 2017 comienza a evidenciarse mayor nivel de pesimismo, y las expectativas a futuro se ubican por debajo de la evaluaci\u00f3n del presente&#8221;, dijo y profundiz\u00f3 que en el segundo trimestre de 2018 empez\u00f3 a evidenciarse &#8220;una ca\u00edda generalizada de las expectativas, tendencia que se acentu\u00f3 durante junio y julio&#8221;.<\/p>\n<p>&nbsp;<\/p>\n<p>En ese sentido, detall\u00f3 que &#8220;la ca\u00edda de agosto fue impulsada por evaluaciones negativas respecto de la situaci\u00f3n actual y futura, tanto en lo econ\u00f3mico como en lo laboral&#8221;.<\/p>\n<p>&nbsp;<\/p>\n<p>Si bien Dejean sostuvo que la tendencia se hab\u00eda revertido en 2016 luego de las elecciones y a partir de la asunci\u00f3n de Mauricio Macri a la presidencia, se\u00f1al\u00f3 que la ca\u00edda volvi\u00f3 a registrarse con un nivel m\u00e1s cr\u00edtico recientemente y adelant\u00f3 que seguir\u00e1 profundiz\u00e1ndose. &#8220;Las expectativas contin\u00faan a la baja, con un \u00edndice que se ubica en los valores m\u00e1s bajos de la serie hist\u00f3rica, cuyo piso se hab\u00eda registrado durante 2009&#8221;, dijo.<\/p>\n<p>&nbsp;<\/p>\n<p>Pese a ello, el \u00edndice con respecto a la compra de bienes durables mostr\u00f3 cambios positivos el mes pasado. Si en julio se hab\u00eda ubicado en 91, en agosto subi\u00f3 dos puntos y cerr\u00f3 en 93. &#8220;Esta situaci\u00f3n podr\u00eda explicarse por la intenci\u00f3n de tratar de aprovechar la oportunidad antes de que se reacomoden los precios de estos productos como efecto de la devaluaci\u00f3n, entre quienes tienen capacidad de compra&#8221;, concluy\u00f3 Dejean.<\/p>\n","protected":false},"excerpt":{"rendered":"<p>El relevamiento del \u00cdndice General de Expectativa Econ\u00f3mica de Kantar TNS mostr\u00f3 la ca\u00edda en un punto con respecto a julio y se profundiz\u00f3 el pesimismo a futuro &nbsp; &nbsp; &nbsp; En los \u00faltimos meses, la percepci\u00f3n social de la situaci\u00f3n econ\u00f3mica sufri\u00f3 un nuevo impacto producto de la megadepreciaci\u00f3n que viene golpeando la moneda local y el continuo aumento de la inflaci\u00f3n. El \u00edndice que mide el &#8220;humor social&#8221; cay\u00f3 un punto en agosto con respecto a julio y reafirm\u00f3 su tendencia negativa reiniciada en marzo. &nbsp; El dato&#8230;<\/p>\n","protected":false},"author":3,"featured_media":33364,"comment_status":"closed","ping_status":"closed","sticky":false,"template":"","format":"standard","meta":[],"categories":[2],"tags":[],"_links":{"self":[{"href":"https:\/\/www.actualidadadiario.com\/index.php\/wp-json\/wp\/v2\/posts\/33363"}],"collection":[{"href":"https:\/\/www.actualidadadiario.com\/index.php\/wp-json\/wp\/v2\/posts"}],"about":[{"href":"https:\/\/www.actualidadadiario.com\/index.php\/wp-json\/wp\/v2\/types\/post"}],"author":[{"embeddable":true,"href":"https:\/\/www.actualidadadiario.com\/index.php\/wp-json\/wp\/v2\/users\/3"}],"replies":[{"embeddable":true,"href":"https:\/\/www.actualidadadiario.com\/index.php\/wp-json\/wp\/v2\/comments?post=33363"}],"version-history":[{"count":1,"href":"https:\/\/www.actualidadadiario.com\/index.php\/wp-json\/wp\/v2\/posts\/33363\/revisions"}],"predecessor-version":[{"id":33365,"href":"https:\/\/www.actualidadadiario.com\/index.php\/wp-json\/wp\/v2\/posts\/33363\/revisions\/33365"}],"wp:featuredmedia":[{"embeddable":true,"href":"https:\/\/www.actualidadadiario.com\/index.php\/wp-json\/wp\/v2\/media\/33364"}],"wp:attachment":[{"href":"https:\/\/www.actualidadadiario.com\/index.php\/wp-json\/wp\/v2\/media?parent=33363"}],"wp:term":[{"taxonomy":"category","embeddable":true,"href":"https:\/\/www.actualidadadiario.com\/index.php\/wp-json\/wp\/v2\/categories?post=33363"},{"taxonomy":"post_tag","embeddable":true,"href":"https:\/\/www.actualidadadiario.com\/index.php\/wp-json\/wp\/v2\/tags?post=33363"}],"curies":[{"name":"wp","href":"https:\/\/api.w.org\/{rel}","templated":true}]}}