{"id":33357,"date":"2018-09-19T11:02:09","date_gmt":"2018-09-19T14:02:09","guid":{"rendered":"https:\/\/www.actualidadadiario.com\/?p=33357"},"modified":"2018-11-06T19:37:33","modified_gmt":"2018-11-06T22:37:33","slug":"precios-cuidados-hay-faltantes-pese-a-que-el-gobierno-lo-niega","status":"publish","type":"post","link":"https:\/\/www.actualidadadiario.com\/index.php\/2018\/09\/19\/precios-cuidados-hay-faltantes-pese-a-que-el-gobierno-lo-niega\/","title":{"rendered":"Precios Cuidados: hay faltantes pese a que el Gobierno lo niega"},"content":{"rendered":"<p><em><strong>Las asociaciones de defensa al consumidor aseguran que hay pocos productos y que no est\u00e1n identificados como deber\u00edan<\/strong><\/em><\/p>\n<p>&nbsp;<\/p>\n<p>&nbsp;<\/p>\n<p>&nbsp;<\/p>\n<p>&nbsp;<\/p>\n<p>Hace poco m\u00e1s de una semana, con una inflaci\u00f3n en alza, el Gobierno anunci\u00f3 la renovaci\u00f3n del programa Precios Cuidados, con la incorporaci\u00f3n de 127 productos y un aumento promedio del 3,1%. Y ya en las g\u00f3ndolas de los supermercados se registran faltantes. Desde las asociaciones que defienden los derechos de los consumidores denunciaron que apenas se encuentran la mitad de los productos listados. Sin embargo, desde la Secretar\u00eda de Comercio Interior aseguraron que hasta el momento no recibieron denuncias de faltantes y justificaron eventuales inconvenientes en que &#8220;hay que darles tiempo a los hipermercados para que se reacomoden&#8221;.<\/p>\n<p>&nbsp;<\/p>\n<p>Seg\u00fan una recorrida que realiz\u00f3 este diario por diferentes supermercados porte\u00f1os, los faltantes son una realidad. Yerba, galletitas, mermeladas y caf\u00e9 son algunos de los productos ausentes. Adem\u00e1s, es dif\u00edcil encontrar los carteles que anuncian el programa de Precios Cuidados, debido a que en la mayor\u00eda de los casos est\u00e1n en los \u00faltimos estantes o en las puntas de las g\u00f3ndolas. &#8220;Es com\u00fan ver que los supermercados anuncian un producto como Precio Cuidado pero en su lugar ponen otro, son publicidades enga\u00f1osas&#8221;, indic\u00f3 H\u00e9ctor Polino, titular de Consumidores Libres.<\/p>\n<p>&nbsp;<\/p>\n<p>Desde la Secretar\u00eda de Comercio Interior desconocieron esta problem\u00e1tica. &#8220;El cronograma se viene cumpliendo, los productos b\u00e1sicos como el pan y la leche en general est\u00e1n. No hay denuncias por desabastecimiento&#8221;, sostuvo una fuente de esta cartera. Adem\u00e1s agreg\u00f3 que los faltantes se pueden deber a una cuesti\u00f3n de reposici\u00f3n. &#8220;Son productos con una alta rotaci\u00f3n&#8221;, argument\u00f3 la misma fuente.<\/p>\n<p>&nbsp;<\/p>\n<p>Lo cierto es que tambi\u00e9n hay mucha pol\u00e9mica en cuanto a los productos que integran la canasta. S\u00f3lo se registran dos cortes de carne y apenas dos productos dentro del \u00edtem de frutas y verduras. &#8220;Hay 20 presentaciones diferentes de bebidas con alcohol, 55 de l\u00e1mparas led, pero en el rubro carne s\u00f3lo lo integran los cortes carne picada com\u00fan y espinazo. Mientras que en frutas y verduras s\u00f3lo podemos hablar de papa y manzana&#8221;, denunci\u00f3 Polino.<\/p>\n<p>&nbsp;<\/p>\n<p>&#8220;Le pedimos al Gobierno que realmente se fiscalice a los supermercados y que se les cobre una multa en caso de incumplir con los productos. Es necesario este programa en tiempos de tanta incertidumbre econ\u00f3mica&#8221;, agreg\u00f3. Desde la Secretar\u00eda de Comercio sostuvieron que los canales de denuncia est\u00e1n abiertos y que las multas para aquellos que incumplan con el programa de Precios Cuidados podr\u00edan alcanzar hasta los $5 millones.<\/p>\n","protected":false},"excerpt":{"rendered":"<p>Las asociaciones de defensa al consumidor aseguran que hay pocos productos y que no est\u00e1n identificados como deber\u00edan &nbsp; &nbsp; &nbsp; &nbsp; Hace poco m\u00e1s de una semana, con una inflaci\u00f3n en alza, el Gobierno anunci\u00f3 la renovaci\u00f3n del programa Precios Cuidados, con la incorporaci\u00f3n de 127 productos y un aumento promedio del 3,1%. Y ya en las g\u00f3ndolas de los supermercados se registran faltantes. Desde las asociaciones que defienden los derechos de los consumidores denunciaron que apenas se encuentran la mitad de los productos listados. Sin embargo, desde la&#8230;<\/p>\n","protected":false},"author":3,"featured_media":33358,"comment_status":"closed","ping_status":"closed","sticky":false,"template":"","format":"standard","meta":[],"categories":[2],"tags":[],"_links":{"self":[{"href":"https:\/\/www.actualidadadiario.com\/index.php\/wp-json\/wp\/v2\/posts\/33357"}],"collection":[{"href":"https:\/\/www.actualidadadiario.com\/index.php\/wp-json\/wp\/v2\/posts"}],"about":[{"href":"https:\/\/www.actualidadadiario.com\/index.php\/wp-json\/wp\/v2\/types\/post"}],"author":[{"embeddable":true,"href":"https:\/\/www.actualidadadiario.com\/index.php\/wp-json\/wp\/v2\/users\/3"}],"replies":[{"embeddable":true,"href":"https:\/\/www.actualidadadiario.com\/index.php\/wp-json\/wp\/v2\/comments?post=33357"}],"version-history":[{"count":1,"href":"https:\/\/www.actualidadadiario.com\/index.php\/wp-json\/wp\/v2\/posts\/33357\/revisions"}],"predecessor-version":[{"id":33359,"href":"https:\/\/www.actualidadadiario.com\/index.php\/wp-json\/wp\/v2\/posts\/33357\/revisions\/33359"}],"wp:featuredmedia":[{"embeddable":true,"href":"https:\/\/www.actualidadadiario.com\/index.php\/wp-json\/wp\/v2\/media\/33358"}],"wp:attachment":[{"href":"https:\/\/www.actualidadadiario.com\/index.php\/wp-json\/wp\/v2\/media?parent=33357"}],"wp:term":[{"taxonomy":"category","embeddable":true,"href":"https:\/\/www.actualidadadiario.com\/index.php\/wp-json\/wp\/v2\/categories?post=33357"},{"taxonomy":"post_tag","embeddable":true,"href":"https:\/\/www.actualidadadiario.com\/index.php\/wp-json\/wp\/v2\/tags?post=33357"}],"curies":[{"name":"wp","href":"https:\/\/api.w.org\/{rel}","templated":true}]}}