{"id":33346,"date":"2018-09-19T10:58:06","date_gmt":"2018-09-19T13:58:06","guid":{"rendered":"https:\/\/www.actualidadadiario.com\/?p=33346"},"modified":"2018-11-06T19:37:33","modified_gmt":"2018-11-06T22:37:33","slug":"la-justicia-ratifico-la-condena-por-la-fumigacion-sobre-una-escuela-entrerriana","status":"publish","type":"post","link":"https:\/\/www.actualidadadiario.com\/index.php\/2018\/09\/19\/la-justicia-ratifico-la-condena-por-la-fumigacion-sobre-una-escuela-entrerriana\/","title":{"rendered":"La Justicia ratific\u00f3 la condena por la fumigaci\u00f3n sobre una escuela entrerriana"},"content":{"rendered":"<p><em><strong>La C\u00e1mara de Casaci\u00f3n de la provincia de Entre R\u00edos confirm\u00f3 la sentencia del 3 de octubre de 2017 que conden\u00f3 por contaminaci\u00f3n ambiental y lesiones culposas leves al productor, al presidente de la empresa de aviaci\u00f3n y al piloto que fumig\u00f3 sobre una escuela<\/strong><\/em><\/p>\n<p>&nbsp;<\/p>\n<p>&nbsp;<\/p>\n<p>&nbsp;<\/p>\n<p>El 3 de octubre de 2017, el Tribunal Oral de Concepci\u00f3n de Uruguay conden\u00f3 al presidente de la empresa fumigadora de Villaguay Aero Litoral SA, Erminio Bernardo Rodr\u00edguez, el due\u00f1o del campo que contrat\u00f3 el servicio, Jos\u00e9 Mario Honecker, y al piloto C\u00e9sar Mart\u00edn Visconti, con un a\u00f1o y medio de prisi\u00f3n.<\/p>\n<p>Al enterarse de que aquel fallo de 2017 hab\u00eda sido ratificado por la C\u00e1mara de Casaci\u00f3n, la maestra Mariela Leiva, una de las afectadas por la fumigaci\u00f3n e impulsora de la denuncia, dijo sentir una alegr\u00eda &#8220;inexplicable&#8221; y adelant\u00f3 que est\u00e1n esperando que les llegue el link con la informaci\u00f3n judicial.<\/p>\n<p>El juicio comenz\u00f3 a partir de la denuncia de la docente y desde la campa\u00f1a Paren de Fumigar las Escuelas, que es encabezada por la filial Basavilbaso, seccional Uruguay de la Asociaci\u00f3n Gremial del Magisterio de Entre R\u00edos (Agmer). El tribunal que llev\u00f3 adelante el juicio est\u00e1 formado por los jueces Fabi\u00e1n L\u00f3pez Mora, Mariano Mart\u00ednez y Mariela Emilce Rojas.<\/p>\n<p>Leiva fue una de las v\u00edctimas, junto a otros cinco ni\u00f1os, que acusaron v\u00f3mitos, n\u00e1useas, dolores estomacales, erupciones en la piel y mucosas, y debieron ser atendidos en el Hospital Reverendo Padre Becher.<\/p>\n<p>Durante el juicio, pasaron por los estrados judiciales una veintena de testigos o part\u00edcipes en aquel hecho. Expusieron tambi\u00e9n padres de los ni\u00f1os afectados, la doctora Elizabeth Tisocco, m\u00e9dica del nosocomio; vecinos de la zona, autoridades que acudieron ante la denuncia, el intendente Horacio Amavet, profesionales m\u00e9dicos que tambi\u00e9n trabajaron durante el proceso de investigaci\u00f3n de la causa para su elevaci\u00f3n a juicio, y profesionales agr\u00f3nomos.<\/p>\n<p>La sentencia puede sentar un precedente, al ser el primero en la provincia vinculado a la problem\u00e1ticas de las escuelas fumigadas. Y m\u00e1s all\u00e1 de cambios en normativas locales acerca de ampliaci\u00f3n de las distancias l\u00edmites para la aplicaci\u00f3n cerca de zonas con poblaci\u00f3n, todav\u00eda sigue sin definici\u00f3n una nueva ley en la Legislatura provincial. Pese a distintos proyectos presentados, la regulaci\u00f3n de la aplicaci\u00f3n de plaguicidas y su control, no ha podido prosperar, por lo que sigue vigente en territorio entrerriano una antigua ley (la N\u00b0 6.999).<\/p>\n<p>En el marco del juicio, la Mesa de Enlace rural, integrada por Federaci\u00f3n Agraria, Federaci\u00f3n de Asociaciones Rurales de Entre R\u00edos, Sociedad Rural y Federaci\u00f3n Entrerriana de Cooperativas (Fedeco), emiti\u00f3 un comunicado en el que transmiti\u00f3 su con preocupaci\u00f3n, por la elevaci\u00f3n a juicio de un productor agr\u00edcola, defendiendo una aplicaci\u00f3n supuestamente realizada con control profesional y con receta agron\u00f3mica, algo que fue descartado por la Fiscal\u00eda durante el desarrollo de la causa.<\/p>\n","protected":false},"excerpt":{"rendered":"<p>La C\u00e1mara de Casaci\u00f3n de la provincia de Entre R\u00edos confirm\u00f3 la sentencia del 3 de octubre de 2017 que conden\u00f3 por contaminaci\u00f3n ambiental y lesiones culposas leves al productor, al presidente de la empresa de aviaci\u00f3n y al piloto que fumig\u00f3 sobre una escuela &nbsp; &nbsp; &nbsp; El 3 de octubre de 2017, el Tribunal Oral de Concepci\u00f3n de Uruguay conden\u00f3 al presidente de la empresa fumigadora de Villaguay Aero Litoral SA, Erminio Bernardo Rodr\u00edguez, el due\u00f1o del campo que contrat\u00f3 el servicio, Jos\u00e9 Mario Honecker, y al piloto&#8230;<\/p>\n","protected":false},"author":3,"featured_media":33347,"comment_status":"closed","ping_status":"closed","sticky":false,"template":"","format":"standard","meta":[],"categories":[15],"tags":[],"_links":{"self":[{"href":"https:\/\/www.actualidadadiario.com\/index.php\/wp-json\/wp\/v2\/posts\/33346"}],"collection":[{"href":"https:\/\/www.actualidadadiario.com\/index.php\/wp-json\/wp\/v2\/posts"}],"about":[{"href":"https:\/\/www.actualidadadiario.com\/index.php\/wp-json\/wp\/v2\/types\/post"}],"author":[{"embeddable":true,"href":"https:\/\/www.actualidadadiario.com\/index.php\/wp-json\/wp\/v2\/users\/3"}],"replies":[{"embeddable":true,"href":"https:\/\/www.actualidadadiario.com\/index.php\/wp-json\/wp\/v2\/comments?post=33346"}],"version-history":[{"count":1,"href":"https:\/\/www.actualidadadiario.com\/index.php\/wp-json\/wp\/v2\/posts\/33346\/revisions"}],"predecessor-version":[{"id":33348,"href":"https:\/\/www.actualidadadiario.com\/index.php\/wp-json\/wp\/v2\/posts\/33346\/revisions\/33348"}],"wp:featuredmedia":[{"embeddable":true,"href":"https:\/\/www.actualidadadiario.com\/index.php\/wp-json\/wp\/v2\/media\/33347"}],"wp:attachment":[{"href":"https:\/\/www.actualidadadiario.com\/index.php\/wp-json\/wp\/v2\/media?parent=33346"}],"wp:term":[{"taxonomy":"category","embeddable":true,"href":"https:\/\/www.actualidadadiario.com\/index.php\/wp-json\/wp\/v2\/categories?post=33346"},{"taxonomy":"post_tag","embeddable":true,"href":"https:\/\/www.actualidadadiario.com\/index.php\/wp-json\/wp\/v2\/tags?post=33346"}],"curies":[{"name":"wp","href":"https:\/\/api.w.org\/{rel}","templated":true}]}}