{"id":33339,"date":"2018-09-19T10:55:31","date_gmt":"2018-09-19T13:55:31","guid":{"rendered":"https:\/\/www.actualidadadiario.com\/?p=33339"},"modified":"2018-11-06T19:37:33","modified_gmt":"2018-11-06T22:37:33","slug":"senadores-trataran-un-proyecto-para-coparticipar-parte-del-impuesto-inmobiliario-a-las-juntas-de-gobierno","status":"publish","type":"post","link":"https:\/\/www.actualidadadiario.com\/index.php\/2018\/09\/19\/senadores-trataran-un-proyecto-para-coparticipar-parte-del-impuesto-inmobiliario-a-las-juntas-de-gobierno\/","title":{"rendered":"Senadores tratar\u00e1n un proyecto para coparticipar parte del Impuesto Inmobiliario a las juntas de gobierno"},"content":{"rendered":"<p><em><strong>La Comisi\u00f3n de Presupuesto del Senado se reunir\u00e1 este mi\u00e9rcoles para tratar un proyecto que propone coparticipar a las juntas de gobierno con el 50 % de lo que ATER perciba en concepto de Impuesto Inmobiliario correspondiente a la planta urbana de cada Junta de Gobierno<\/strong><\/em><\/p>\n<p>&nbsp;<\/p>\n<p>&nbsp;<\/p>\n<p>&nbsp;<\/p>\n<p>&nbsp;<\/p>\n<p>Este mi\u00e9rcoles a las 12 se reunir\u00e1 la Comisi\u00f3n de Presupuesto y Hacienda del Senado para abordar dos proyectos.<\/p>\n<p>&nbsp;<\/p>\n<p>Por un lado, se debatir\u00e1 la iniciativa impulsada por el senador Raymundo Kisser, que dispone coparticipar a las Juntas de Gobierno en el 50 % de lo que ATER perciba en concepto de Impuesto Inmobiliario correspondiente a Planta Urbana de cada Junta de Gobierno y en la medida que la misma tenga determinada esa planta urbana. Tambi\u00e9n se tratar\u00e1 el texto por el cual se le agregan dos p\u00e1rrafos al art\u00edculo 14 de la Ley N\u00ba 7.555, de asignaci\u00f3n mensual de fondos a las Juntas de Gobierno.<\/p>\n<p>&nbsp;<\/p>\n<p>Para analizar ambos temas fue convocado el director de Juntas de Gobierno de la Provincia, Mauro D\u00edaz Ch\u00e1vez.<\/p>\n<p>&nbsp;<\/p>\n<p>En los fundamentos de la iniciativa que propone coparticipar el Impuesto Inmobiliario se indica que \u201clas juntas de gobierno constituyen \u00f3rganos que no tienen autarqu\u00eda ni autonom\u00eda, sino que son meras delegaciones del Poder Ejecutivo Provincial. Sin embargo, el desarrollo y crecimiento de las mismas las ha llevado a prestar una serie de servicios que son propios de los municipios, como son la recolecci\u00f3n de residuos, mantenimiento del alumbrado p\u00fablico, mantenimiento de las calles correspondientes a las plantas urbanas, entre otros\u201d.<\/p>\n<p>&nbsp;<\/p>\n<p>Por estos servicios que prestan las Juntas de Gobierno no reciben otra contribuci\u00f3n del Estado, que no sean las partidas presupuestariamente asignadas. En este marco, se advierte que \u201cprestar los servicios se\u00f1alados precedentemente, implica utilizar gran parte de estos recursos, resinti\u00e9ndose otros, como es atender salud, desarrollo social, etc\u201d.<\/p>\n<p>&nbsp;<\/p>\n<p>Uno de estos servicios que sobresale, y que motiva este proyecto de ley es el de recolecci\u00f3n de residuos. Se advierte, con suma facilidad, que en muchas de las Juntas de Gobierno se han instalado viviendas que normalmente se utilizan solamente los fines de semana, y sus usuarios, al retirarse de esas viviendas, dejan los residuos en la calle, a la intemperie, y de su recolecci\u00f3n debe ocuparse la Junta de Gobierno al inicio de cada semana laboral.<\/p>\n<p>&nbsp;<\/p>\n<p>Cuando estas Juntas de Gobierno se conviertan, en un futuro, en Comunas y\/o Municipios, \u00e9stas estar\u00e1n en condiciones de percibir una tasa comunal o municipal por la atenci\u00f3n de todos los servicios, pero hoy las juntas de gobierno no pueden hacerlo.<\/p>\n<p>&nbsp;<\/p>\n<p>\u201cEntonces resulta justo y necesario que desde la Provincia se les reconozca a estas juntas de gobierno una coparticipaci\u00f3n del Impuesto Inmobiliario que percibe por las \u00e1reas urbanas que se tienen establecidas en las mismas, y en donde ya se est\u00e9 cobrando el Impuesto Inmobiliario diferencial como urbano\u201d, se se\u00f1ala en la iniciativa, al tiempo que se agrega que \u201cla l\u00f3gica indica que los due\u00f1os de los inmuebles en las plantas urbanas de las Juntas de Gobierno deber\u00edan tener el mismo tratamiento que para el caso del inmobiliario rural o subsural. Sin embargo, ello no ocurre de esta manera\u201d.<\/p>\n<p>&nbsp;<\/p>\n<p>Entonces, en funci\u00f3n de lo se\u00f1alado, es necesario y conveniente reconocer, a favor de las Juntas de Gobierno, que tienen trazada una planta urbana, y en donde se est\u00e1 percibiendo un Impuesto Inmobiliario a los propietarios acorde a esa condici\u00f3n, un reconocimiento o coparticipaci\u00f3n en el mismo. \u201cEse reconocimiento debe ser del orden del 50 % de lo que se perciba en cada jurisdicci\u00f3n por Impuesto Inmobiliario, siempre referido a la planta urbana\u201d, se agrega.<\/p>\n<p>&nbsp;<\/p>\n<p>\u201cEste concepto o importe deber\u00e1 ser transferido mensualmente a las juntas de gobierno, en la medida que se produzca su percepci\u00f3n, y en la misma oportunidad en que se les acredita la coparticipaci\u00f3n o asignaci\u00f3n mensual correspondiente, conforme a su categor\u00eda\u201d, se explica.<\/p>\n<p>&nbsp;<\/p>\n<p>Finalmente se agrega que \u201cesta coparticipaci\u00f3n en el Impuesto Inmobiliario cesar\u00e1 autom\u00e1ticamente una vez que esa Junta de Gobierno se convierta en Comuna o Municipio\u201d, concluye el texto.<\/p>\n<p>&nbsp;<\/p>\n<p>&nbsp;<\/p>\n<p><strong>\u00a0Sesi\u00f3n<\/strong><\/p>\n<p>El Cuerpo Legislativo fue convocado a sesionar en los d\u00edas y horarios habituales previstos para este per\u00edodo ordinario, esto es martes 18 de septiembre a las 19; mi\u00e9rcoles 19 de septiembre a las 19, y jueves 20 a las 11.<\/p>\n<p>&nbsp;<\/p>\n<p>&nbsp;<\/p>\n<p><strong>Otras comisiones<\/strong><\/p>\n<p>La reuni\u00f3n de la Comisi\u00f3n de Salud ser\u00e1 este mi\u00e9rcoles 19 a las 9 y se tratar\u00e1n asuntos pendientes en la sala de reuniones del segundo piso de Casa de Gobierno.<\/p>\n<p>&nbsp;<\/p>\n<p>En la misma sala pero a las 10, se paut\u00f3 la reuni\u00f3n de la Comisi\u00f3n de Peticiones y Milicias, en tanto a las 11 tendr\u00e1 lugar la reuni\u00f3n de la Comisi\u00f3n de Educaci\u00f3n.<\/p>\n<p>&nbsp;<\/p>\n<p>Por \u00faltimo el jueves 20, a las 10 Hs., se reunir\u00e1 la Comisi\u00f3n de Producci\u00f3n, para abordar asuntos pendientes en la misma.<\/p>\n","protected":false},"excerpt":{"rendered":"<p>La Comisi\u00f3n de Presupuesto del Senado se reunir\u00e1 este mi\u00e9rcoles para tratar un proyecto que propone coparticipar a las juntas de gobierno con el 50 % de lo que ATER perciba en concepto de Impuesto Inmobiliario correspondiente a la planta urbana de cada Junta de Gobierno &nbsp; &nbsp; &nbsp; &nbsp; Este mi\u00e9rcoles a las 12 se reunir\u00e1 la Comisi\u00f3n de Presupuesto y Hacienda del Senado para abordar dos proyectos. &nbsp; Por un lado, se debatir\u00e1 la iniciativa impulsada por el senador Raymundo Kisser, que dispone coparticipar a las Juntas de&#8230;<\/p>\n","protected":false},"author":3,"featured_media":33340,"comment_status":"closed","ping_status":"closed","sticky":false,"template":"","format":"standard","meta":[],"categories":[15],"tags":[],"_links":{"self":[{"href":"https:\/\/www.actualidadadiario.com\/index.php\/wp-json\/wp\/v2\/posts\/33339"}],"collection":[{"href":"https:\/\/www.actualidadadiario.com\/index.php\/wp-json\/wp\/v2\/posts"}],"about":[{"href":"https:\/\/www.actualidadadiario.com\/index.php\/wp-json\/wp\/v2\/types\/post"}],"author":[{"embeddable":true,"href":"https:\/\/www.actualidadadiario.com\/index.php\/wp-json\/wp\/v2\/users\/3"}],"replies":[{"embeddable":true,"href":"https:\/\/www.actualidadadiario.com\/index.php\/wp-json\/wp\/v2\/comments?post=33339"}],"version-history":[{"count":2,"href":"https:\/\/www.actualidadadiario.com\/index.php\/wp-json\/wp\/v2\/posts\/33339\/revisions"}],"predecessor-version":[{"id":33345,"href":"https:\/\/www.actualidadadiario.com\/index.php\/wp-json\/wp\/v2\/posts\/33339\/revisions\/33345"}],"wp:featuredmedia":[{"embeddable":true,"href":"https:\/\/www.actualidadadiario.com\/index.php\/wp-json\/wp\/v2\/media\/33340"}],"wp:attachment":[{"href":"https:\/\/www.actualidadadiario.com\/index.php\/wp-json\/wp\/v2\/media?parent=33339"}],"wp:term":[{"taxonomy":"category","embeddable":true,"href":"https:\/\/www.actualidadadiario.com\/index.php\/wp-json\/wp\/v2\/categories?post=33339"},{"taxonomy":"post_tag","embeddable":true,"href":"https:\/\/www.actualidadadiario.com\/index.php\/wp-json\/wp\/v2\/tags?post=33339"}],"curies":[{"name":"wp","href":"https:\/\/api.w.org\/{rel}","templated":true}]}}