{"id":33333,"date":"2018-09-19T10:54:03","date_gmt":"2018-09-19T13:54:03","guid":{"rendered":"https:\/\/www.actualidadadiario.com\/?p=33333"},"modified":"2018-11-06T19:37:33","modified_gmt":"2018-11-06T22:37:33","slug":"bordet-logro-incorporar-al-presupuesto-nacional-fondos-para-el-sistema-jubilatorio-entrerriano","status":"publish","type":"post","link":"https:\/\/www.actualidadadiario.com\/index.php\/2018\/09\/19\/bordet-logro-incorporar-al-presupuesto-nacional-fondos-para-el-sistema-jubilatorio-entrerriano\/","title":{"rendered":"Bordet logr\u00f3 incorporar al Presupuesto Nacional fondos para el sistema jubilatorio entrerriano"},"content":{"rendered":"<p><em><strong>\u201cNos comprometimos a no tocar derechos adquiridos por nuestros jubilados provinciales y hemos cumplido\u201d, reafirm\u00f3 el gobernador Gustavo Bordet tras firmar los convenios de modificaci\u00f3n del consenso fiscal y de compensaci\u00f3n de parte del d\u00e9ficit del sistema previsional entrerriano, en Casa Rosada<\/strong><\/em><\/p>\n<p>&nbsp;<\/p>\n<p>&nbsp;<\/p>\n<p>&nbsp;<\/p>\n<p>&nbsp;<\/p>\n<p>\u201cNos comprometimos a demandar los fondos que nos corresponden para sostener el sistema previsional y estamos cumpliendo\u201d, subray\u00f3 Bordet luego de rubricar los documentos con el ministro del Interior, Rogelio Frigerio; el secretario de Provincia, Alejandro Caldarelli; y el presidente de la Caja de Jubilaciones de la provincia, Daniel El\u00edas.<\/p>\n<p>&nbsp;<\/p>\n<p>&nbsp;<\/p>\n<p><strong>Sobre los convenios<\/strong><\/p>\n<p>El convenio de modificaci\u00f3n del consenso fiscal que contempla una serie de medidas para compensar el recorte que sufrir\u00e1n las provincias en 2019. Una de ellas es la transferencia mensual de fondos para cubrir el d\u00e9ficit de la Caja de Jubilaciones de este a\u00f1o que fue incluida en el presupuesto nacional 2019.<\/p>\n<p>&nbsp;<\/p>\n<p>A partir del otro convenio firmado, la Anses compensar\u00e1 parte del d\u00e9ficit del sistema previsional entrerriano que viene absorbiendo la provincia desde 2010. El mandatario logr\u00f3 recuperar casi 1.900 millones de pesos de 2017 que Naci\u00f3n se comprometi\u00f3 a saldar este a\u00f1o en cuatro cuotas.<\/p>\n<p>&nbsp;<\/p>\n<p>&nbsp;<\/p>\n<p><strong>El convenio brindar\u00e1 previsibilidad al sistema<\/strong><\/p>\n<p>Daniel El\u00edas se\u00f1al\u00f3 que \u201cpor medio del convenio se intenta cerrar el ejercicio 2017 en cuanto a la asistencia del gobierno nacional sobre el d\u00e9ficit previsional en los t\u00e9rminos previstos en la Ley 27260, que fuera sancionada en julio de 2016\u201d.<\/p>\n<p>&nbsp;<\/p>\n<p>\u201cEl monto total que se suscribi\u00f3 en el convenio es por 2.800 millones de pesos pero hoy nos reconocen 1.900 millones que restaban porque ya se hab\u00edan reconocido y transferido durante el ejercicio 2017 y 2018 los 893 millones correspondientes a 2017. Esto le da previsibilidad por lo tanto el convenio es por el saldo 2017\u201d, puntualiz\u00f3.<\/p>\n<p>&nbsp;<\/p>\n<p>\u201cEl gobernador hace m\u00e1s de un a\u00f1o y medio dijo que Entre R\u00edos pretend\u00eda, sobre el ejercicio 2017, que el reconocimiento rondara entre el 50 y 55 por ciento del d\u00e9ficit real. Efectivamente fuimos de las primeras provincias que hicimos esta estimaci\u00f3n y una de las primeras que es reconocida en esta compensaci\u00f3n econ\u00f3mica\u201d, destac\u00f3 el funcionario. Por este motivo lo consider\u00f3 \u201cun acto de justicia del gobierno nacional y un acto de reconocimiento a nuestra gesti\u00f3n provincial, en la persona del gobernador y de todos los que acompa\u00f1amos esta gesti\u00f3n\u201d.<\/p>\n<p>&nbsp;<\/p>\n<p>Asimismo, El\u00edas mencion\u00f3: \u201cEl marco del convenio est\u00e1 exactamente en t\u00e9rminos de la Ley 27.260, que destacamos ven\u00eda a ordenar un mecanismo t\u00e9cnico para el reconocimiento del d\u00e9ficit. Ya no ser\u00eda una mesa de solo corte pol\u00edtico sino una mesa que tiene fundamentos t\u00e9cnicos, pautas y criterios que hoy est\u00e1n reglamentados en la ley, en decretos reglamentarios, y el c\u00e1lculo de este d\u00e9ficit obedece hoy a un procedimiento previsto en esa legislaci\u00f3n\u201d.<\/p>\n<p>&nbsp;<\/p>\n<p>En la misma l\u00ednea el funcionario destac\u00f3 el trabajo conjunto con Anses y el rol del personal de la Caja de Jubilaciones de Entre R\u00edos. \u201cEsto nos ha permitido ser una de las primeras provincias que terminamos esta etapa, que le ha dado previsibilidad al ejercicio 2017 y tambi\u00e9n nos adelanta un horizonte para el 2018\u201d, remarc\u00f3.<\/p>\n<p>&nbsp;<\/p>\n<p>Por \u00faltimo, el funcionario apunt\u00f3: \u201cCuando comenz\u00f3 la discusi\u00f3n y debate de este tema, hab\u00eda una palabra que rondaba y causaba p\u00e1nico: armonizaci\u00f3n. Pero se entendi\u00f3 que no hab\u00eda que imponer a las provincias una legislaci\u00f3n determinada sino que se deb\u00eda avanzar en un ordenamiento del sistema y esto ha dado frutos concretos porque hoy el Decreto 730 del gobierno nacional que reglamenta la ley ya no habla de armonizar sino que habla de invitaci\u00f3n. Hace una invitaci\u00f3n a las provincias a que mejoren su sistema previsional para lograr sostenibilidad\u201d.<\/p>\n","protected":false},"excerpt":{"rendered":"<p>\u201cNos comprometimos a no tocar derechos adquiridos por nuestros jubilados provinciales y hemos cumplido\u201d, reafirm\u00f3 el gobernador Gustavo Bordet tras firmar los convenios de modificaci\u00f3n del consenso fiscal y de compensaci\u00f3n de parte del d\u00e9ficit del sistema previsional entrerriano, en Casa Rosada &nbsp; &nbsp; &nbsp; &nbsp; \u201cNos comprometimos a demandar los fondos que nos corresponden para sostener el sistema previsional y estamos cumpliendo\u201d, subray\u00f3 Bordet luego de rubricar los documentos con el ministro del Interior, Rogelio Frigerio; el secretario de Provincia, Alejandro Caldarelli; y el presidente de la Caja de&#8230;<\/p>\n","protected":false},"author":3,"featured_media":33334,"comment_status":"closed","ping_status":"closed","sticky":false,"template":"","format":"standard","meta":[],"categories":[9,15],"tags":[],"_links":{"self":[{"href":"https:\/\/www.actualidadadiario.com\/index.php\/wp-json\/wp\/v2\/posts\/33333"}],"collection":[{"href":"https:\/\/www.actualidadadiario.com\/index.php\/wp-json\/wp\/v2\/posts"}],"about":[{"href":"https:\/\/www.actualidadadiario.com\/index.php\/wp-json\/wp\/v2\/types\/post"}],"author":[{"embeddable":true,"href":"https:\/\/www.actualidadadiario.com\/index.php\/wp-json\/wp\/v2\/users\/3"}],"replies":[{"embeddable":true,"href":"https:\/\/www.actualidadadiario.com\/index.php\/wp-json\/wp\/v2\/comments?post=33333"}],"version-history":[{"count":1,"href":"https:\/\/www.actualidadadiario.com\/index.php\/wp-json\/wp\/v2\/posts\/33333\/revisions"}],"predecessor-version":[{"id":33335,"href":"https:\/\/www.actualidadadiario.com\/index.php\/wp-json\/wp\/v2\/posts\/33333\/revisions\/33335"}],"wp:featuredmedia":[{"embeddable":true,"href":"https:\/\/www.actualidadadiario.com\/index.php\/wp-json\/wp\/v2\/media\/33334"}],"wp:attachment":[{"href":"https:\/\/www.actualidadadiario.com\/index.php\/wp-json\/wp\/v2\/media?parent=33333"}],"wp:term":[{"taxonomy":"category","embeddable":true,"href":"https:\/\/www.actualidadadiario.com\/index.php\/wp-json\/wp\/v2\/categories?post=33333"},{"taxonomy":"post_tag","embeddable":true,"href":"https:\/\/www.actualidadadiario.com\/index.php\/wp-json\/wp\/v2\/tags?post=33333"}],"curies":[{"name":"wp","href":"https:\/\/api.w.org\/{rel}","templated":true}]}}